{"id":10728,"date":"2014-09-30T09:38:02","date_gmt":"2014-09-30T14:38:02","guid":{"rendered":"https:\/\/radiozapatista.org\/?p=10728"},"modified":"2014-11-26T12:12:51","modified_gmt":"2014-11-26T18:12:51","slug":"ataque-armado-a-estudiantes-de-ayotzinapa-en-iguala-guerrero","status":"publish","type":"post","link":"https:\/\/radiozapatista.org\/?p=10728","title":{"rendered":"Ataque armado a estudiantes de la Normal de Ayotzinapa en Iguala, Guerrero"},"content":{"rendered":"<p><\/p>\n<p style=\"text-align: center\"><strong>&#8220;Masacre de estudiantes en Iguala: las manos de Aguirre est\u00e1n te\u00f1idas de sangre<\/strong>&#8220;<\/p>\n<p>A menos de tres a\u00f1os del artero  asesinato de Alexis y Gabriel \u2014j\u00f3venes estudiantes de la Escuela Normal  Rural \u00abRa\u00fal Isidro Burgos\u00bb de Ayotzinapa, Guerrero\u2014 la sangre, el luto y  la rabia vuelven a caer sobre esta hist\u00f3rica escuela. Al menos otros  tres de sus estudiantes fueron cobardemente asesinados este mes. La sa\u00f1a  y brutalidad ejercida por la polic\u00eda municipal sorprenden incluso en un  pa\u00eds como M\u00e9xico, en donde la violencia se ha banalizado, al punto de  ser ya, parte del folclore nacional.<\/p>\n<p>La noche del 26 de septiembre, en la  ciudad del Iguala, un grupo de normalistas se encontraba pac\u00edficamente  recaudando recursos entre la poblaci\u00f3n para mantener su escuela.  Sorpresivamente fueron atacados por la polic\u00eda municipal, quien realiz\u00f3  varias descargas con rifles AK-47 sobre los autobuses en donde se  trasladaban, dando como resultado la muerte de Daniel Sol\u00eds Gallardo,  varios heridos y alrededor de 25 j\u00f3venes detenidos. Poco despu\u00e9s, un  grupo armado regres\u00f3 a continuar la agresi\u00f3n y lanz\u00f3 un nuevo ataque en  contra de los normalistas que, en ese momento, se encontraban  acompa\u00f1ados de maestros y periodistas que estaban entrevist\u00e1ndolos sobre  lo acontecido.<\/p>\n<p><!--more--><\/p>\n<p style=\"text-align: center\"><img loading=\"lazy\" decoding=\"async\" src=\"http:\/\/i0.wp.com\/subversiones.org\/wp-content\/uploads\/2014\/09\/DSC03834.jpg?resize=717%2C538\" alt=\"Fotograf\u00eda: Jos\u00e9 Aureliano Buend\u00eda\" width=\"413\" height=\"310\" \/><\/p>\n<p>Durante este segundo ataque fueron  asesinados Yosivani Guerrero, normalista originario de Tixtla, David  Josu\u00e9 Garc\u00eda y Evangelista V\u00edctor Manuel Lugo Ortiz. Estos dos \u00faltimos  cayeron en un ataque al autob\u00fas en que viajaba el equipo de f\u00fatbol\u00a0Los  Avispones de Chilpancingo. Seguramente el grupo de sicarios\/polic\u00edas  pens\u00f3 que los deportistas eran estudiantes. Tambi\u00e9n a ra\u00edz de este  ataque muri\u00f3 Blanca Montiel, quien viajaba en un taxi que pasaba por el  lugar de la agresi\u00f3n.<\/p>\n<p>El s\u00e1bado 27 fue hallado a 500 metros  del ataque, el cuerpo de Julio Cesar Mondrag\u00f3n, alumno de primer  semestre de la Normal, con el rostro desollado, muestra de la brutalidad  y la sa\u00f1a de los agresores que operaron, tal y como lo han hecho los  paramilitares en dictaduras como las de Guatemala, por poner un ejemplo.<\/p>\n<p>Adem\u00e1s, 22 j\u00f3venes fueron heridos, tres  de ellos de gravedad y uno declarado con muerte cerebral. Otros 57 se  reportan como desaparecidos, luego de salir huyendo del ataque la noche  del viernes buscando resguardase de las balas disparadas por polic\u00edas y  sicarios, la b\u00fasqueda continua por parte de familiares y normalistas .  Esta es la lista con los nombres:<\/p>\n<div>\n<div>\n<div>\n<p>1.-Abel Garc\u00eda Hern\u00e1ndez.<\/p>\n<p>2.-Abelardo V\u00e1zquez Periten.<\/p>\n<p>3.-Ad\u00e1n Abrajan de la Cruz.<\/p>\n<p>4.-Alexander Mora Venancio.<\/p>\n<p>5.-Ambrosio Mart\u00ednez Rodr\u00edguez.<\/p>\n<p>6.-Antonio Santana Maestro.<\/p>\n<p>7.-Benjam\u00edn Acergo Bautista.<\/p>\n<p>8.-Benjam\u00edn Ascencio Bautista.<\/p>\n<p>9.-Carlos Iv\u00e1n Ram\u00edrez Villarreal.<\/p>\n<p>10.-Carlos Lorenzo Hern\u00e1ndez Mu\u00f1oz.<\/p>\n<p>11.-C\u00e9sar Manuel Gonz\u00e1lez Hern\u00e1ndez.<\/p>\n<p>12.-Christian Alfonso Rodr\u00edguez Telumbre.<\/p>\n<p>13.-Christian Tomas Colon Garnica.<\/p>\n<p>14.-Cirino Tejeda Meza.<\/p>\n<p>15.-Cutberto Ortiz Ramos.<\/p>\n<p>16.-Daniel Gerardo Cant\u00fa Morales.<\/p>\n<p>17.-Dorian Gonz\u00e1lez Parral.<\/p>\n<p>18.-Eduardo Ayafredh Sebasti\u00e1n Salgado.<\/p>\n<p>19.-Emiliano Alen Gaspar de la Cruz.<\/p>\n<p>20.-Everardo Rodr\u00edguez Bello.<\/p>\n<p>21.-Felipe Arnulfo Rosas.<\/p>\n<p>22.-Giovanni Galindes Guerrero.<\/p>\n<p>23.-Israel Caballero S\u00e1nchez.<\/p>\n<p>24.-Israel Jacinto Lugardo.<\/p>\n<p>25.-Jazziel Ram\u00edrez S\u00e1nchez.<\/p>\n<p>26.-Jes\u00fas Jovany Rodr\u00edguez Tlatempa.<\/p>\n<p>27.-Jonas Trujillo Gonz\u00e1lez.<\/p>\n<p>28.-Jonathan Maldonado Hern\u00e1ndez.<\/p>\n<p>29.-Jorge \u00c1lvarez Nava.<\/p>\n<\/div>\n<\/div>\n<div>\n<div>\n<p>30.-Jorge An\u00edbal Cruz Mendoza.<\/p>\n<p>31.-Jorge Antonio Tizapa Legide\u00f1o.<\/p>\n<p>32.-Jorge Luis Gonz\u00e1lez Parral.<\/p>\n<p>33.-Jos\u00e9 \u00c1ngel Campos Cantor.<\/p>\n<p>34.-Jos\u00e9 \u00c1ngel Navarrete Gonz\u00e1lez.<\/p>\n<p>35.-Jos\u00e9 Eduardo Bartolo Tlatempa.<\/p>\n<p>36.-Jos\u00e9 Luis Luna Torres.<\/p>\n<p>37.-Joshvani Guerrero de la Cruz.<\/p>\n<p>38.-Julio C\u00e9sar L\u00f3pez Patolzin.<\/p>\n<p>39.-Julio C\u00e9sar Ram\u00edrez Nava.<\/p>\n<p>40.-Julio C\u00e9sar Vel\u00e1zquez Alonso.<\/p>\n<p>41.-Leonel Castro Abarca.<\/p>\n<p>42.-Luis \u00c1ngel Abarca Carrillo.<\/p>\n<p>43.-Luis \u00c1ngel Francisco Arzola.<\/p>\n<p>44.-Luis \u00e1ngel Guti\u00e9rrez \u00c1lvarez.<\/p>\n<p>45.-Magdaleno Rub\u00e9n Lauro Villegas.<\/p>\n<p>46.-Marcial Pablo Baranda.<\/p>\n<p>47.-Marco Antonio Andr\u00e9s Santos.<\/p>\n<p>48.-Marco Antonio G\u00f3mez Molina.<\/p>\n<p>49.-Mario Torreblanca Flores.<\/p>\n<p>50.-Mart\u00edn Getsemany S\u00e1nchez Garc\u00eda.<\/p>\n<p>51.-Mateo Carrera Moctezuma.<\/p>\n<p>52.-Mauricio Ortega Valerio.<\/p>\n<p>53.-Miguel \u00c1ngel Hern\u00e1ndez Mart\u00ednez.<\/p>\n<p>54.-Miguel \u00c1ngel Mendoza Zacar\u00edas.<\/p>\n<p>55.-Rodrigo Morales Garc\u00eda.<\/p>\n<p>56.-Severo Pedro Minga.<\/p>\n<p>57.-Sa\u00fal Bruno Garc\u00eda.<\/p>\n<\/div>\n<\/div>\n<\/div>\n<p>Una vez m\u00e1s, la hoja de vida de \u00c1ngel  Aguirre Rivero, gobernador del estado de Guerrero por el Partido de la  Revoluci\u00f3n Democr\u00e1tica (PRD), Partido del Trabajo (PT) y Convergencia,  se ti\u00f1e con la sangre del pueblo. Quien fuera gobernador interino luego  de la renuncia de Rub\u00e9n Figueroa Alcocer \u2014por su implicaci\u00f3n en la  masacre de campesinos en Aguas Blancas en 1995\u2014, s\u00f3lo sirvi\u00f3 como  tapadera para evitar que llegara la justicia. Posteriormente, en 1998,  sucedi\u00f3 otra matanza en El Charco. Ahora sigue acumulando muertes bajo  su gesti\u00f3n al frente del ejecutivo estatal. Este hombre es tambi\u00e9n quien  mantiene encarcelada injustamente a Nestora Salgado y a 12 polic\u00edas comunitarios.<\/p>\n<p>Con la detenci\u00f3n de 22 polic\u00edas  municipales que encabezaron la salvaje agresi\u00f3n a los normalistas, los  gobiernos municipal y estatal buscan eximirse de la culpa sobre la  masacre. Pero les es imposible ocultar la estrecha vinculaci\u00f3n entre los  pol\u00edticos del PRD con el crimen organizado, como es el caso del  presidente municipal de Iguala, Jos\u00e9 Luis Abarca, quien se<a href=\"http:\/\/www.proceso.com.mx\/?p=383311\" target=\"_blank\"> <\/a>presume tiene relaciones con el grupo delictivo denominado Guerreros Unidos.<\/p>\n<div><\/div>\n<p style=\"text-align: center\"><img loading=\"lazy\" decoding=\"async\" src=\"http:\/\/i0.wp.com\/subversiones.org\/wp-content\/uploads\/2014\/09\/DSC03835.jpg?resize=717%2C538\" alt=\"Fotograf\u00eda: Jos\u00e9 Aureliano Buend\u00eda\" width=\"413\" height=\"310\" \/><\/p>\n<p>Asimismo, es importante destacar que las  agencias de seguridad en este estado operan bajo el esquema de \u00abmando  \u00fanico\u00bb, es decir, responden directamente a las \u00f3rdenes del gobernador  Aguirre, quien con justa raz\u00f3n es se\u00f1alado como el principal responsable  del asesinato de dos normalistas en 2011 y de la actual matanza en  Iguala.<\/p>\n<p>\u00bfCu\u00e1ntas muertes y encarcelados m\u00e1s est\u00e1  dispuesto a soportar el digno pueblo guerrerense para exigir el juicio  pol\u00edtico y el cese de este asesino?<\/p>\n<p style=\"text-align: right\">Jos\u00e9 Aureliano Buend\u00eda<\/p>\n<p><\/p>","protected":false},"excerpt":{"rendered":"<p>&#8220;Masacre de estudiantes en Iguala: las manos de Aguirre est\u00e1n te\u00f1idas de sangre&#8220; A menos de tres a\u00f1os del artero asesinato de Alexis y Gabriel \u2014j\u00f3venes estudiantes de la Escuela Normal Rural \u00abRa\u00fal Isidro Burgos\u00bb de Ayotzinapa, Guerrero\u2014 la sangre, el luto y la rabia vuelven a caer sobre esta hist\u00f3rica escuela. Al menos otros [&hellip;]<\/p>\n","protected":false},"author":13,"featured_media":0,"comment_status":"open","ping_status":"closed","sticky":false,"template":"","format":"standard","meta":{"footnotes":""},"categories":[826,183],"tags":[929,860,87],"class_list":["post-10728","post","type-post","status-publish","format-standard","hentry","category-medios-libres-2","category-blog","tag-ayotzinapa","tag-normal-de-ayotzinapa","tag-represion"],"_links":{"self":[{"href":"https:\/\/radiozapatista.org\/index.php?rest_route=\/wp\/v2\/posts\/10728","targetHints":{"allow":["GET"]}}],"collection":[{"href":"https:\/\/radiozapatista.org\/index.php?rest_route=\/wp\/v2\/posts"}],"about":[{"href":"https:\/\/radiozapatista.org\/index.php?rest_route=\/wp\/v2\/types\/post"}],"author":[{"embeddable":true,"href":"https:\/\/radiozapatista.org\/index.php?rest_route=\/wp\/v2\/users\/13"}],"replies":[{"embeddable":true,"href":"https:\/\/radiozapatista.org\/index.php?rest_route=%2Fwp%2Fv2%2Fcomments&post=10728"}],"version-history":[{"count":0,"href":"https:\/\/radiozapatista.org\/index.php?rest_route=\/wp\/v2\/posts\/10728\/revisions"}],"wp:attachment":[{"href":"https:\/\/radiozapatista.org\/index.php?rest_route=%2Fwp%2Fv2%2Fmedia&parent=10728"}],"wp:term":[{"taxonomy":"category","embeddable":true,"href":"https:\/\/radiozapatista.org\/index.php?rest_route=%2Fwp%2Fv2%2Fcategories&post=10728"},{"taxonomy":"post_tag","embeddable":true,"href":"https:\/\/radiozapatista.org\/index.php?rest_route=%2Fwp%2Fv2%2Ftags&post=10728"}],"curies":[{"name":"wp","href":"https:\/\/api.w.org\/{rel}","templated":true}]}}