{"id":10492,"date":"2014-08-12T19:55:19","date_gmt":"2014-08-13T00:55:19","guid":{"rendered":"https:\/\/radiozapatista.org\/?p=10492"},"modified":"2015-08-31T09:13:01","modified_gmt":"2015-08-31T14:13:01","slug":"la-crisis-de-los-medios-y-un-reto-utopico","status":"publish","type":"post","link":"https:\/\/radiozapatista.org\/?p=10492","title":{"rendered":"<!--:es-->La crisis de los medios y un reto ut\u00f3pico<!--:--><!--:en-->The Crisis of the Meida and an Utopian Challenge<!--:-->"},"content":{"rendered":"<p><!--:es--><\/p>\n<p style=\"text-align: center;\"><img decoding=\"async\" class=\"aligncenter\" src=\"http:\/\/regeneracionradio.org\/media\/k2\/items\/cache\/d0c7a298d14156d18f98c8692eded5ef_L.jpg\" alt=\"La crisis de los medios y un reto ut\u00f3pico\" width=\"480\" \/><\/p>\n<div>\n<blockquote><p>&#8220;Nos \u00edbamos a  despedir de los medios de paga e \u00edbamos a dirigirnos y presentarlos a  los medios aut\u00f3nomos, autogestivos, libres etc.&#8221;<\/p><\/blockquote>\n<p style=\"text-align: right;\"><em>Subcomandante Insurgente Galeano<\/em><\/p>\n<p><a href=\"https:\/\/radiozapatista.org\/?p=10441\"><em><strong>Conferencia de prensa \/ Subcomandante Insurgente Galeano aqu\u00ed<\/strong><\/em><\/a><\/p>\n<div>\n<p>La Realidad, Chiapas, M\u00e9xico.<\/p>\n<\/div>\n<h3>Una maniobra de diversi\u00f3n<\/h3>\n<p>Son las once de la ma\u00f1ana. Los  insurgentes est\u00e1n en fila y tomados de las manos bajo el sol. Mirando  con el ojo izquierdo y preparados para recibir a la comandancia que  entra montada en caballos blancos y caf\u00e9s, de fondo suena la pieza  musical \u201cLatinoam\u00e9rica\u201d de Calle 13. Los caballos avanzan hasta dar  vuelta al templete dos. El ahora Subcomandante Insurgente Galeano (SIG)  no est\u00e1. De pronto se escucha: &#8220;Buenos d\u00edas Ciudad G\u00f3tica&#8221;. Se encuentra  en el templete uno, a espaldas de todos los escuchas. Ha permanecido  ah\u00ed varios minutos sin que los asistentes lo hayan notado. Un truco de  magia que puede durar dos minutos o hasta veinte a\u00f1os, dice &#8220;esto es en  t\u00e9rminos militares una maniobra de diversi\u00f3n&#8221;.<\/p>\n<p>Da inicio a la conferencia, lanza un  agradecimiento a quienes realizaron un esfuerzo por estar ah\u00ed y cuenta  una experiencia que inici\u00f3 en 1993, respecto al Teniente Insurgente de  Infanter\u00eda Eleazar, quien muri\u00f3 a causa de una enfermedad llamada:  S\u00edndrome de Guillain-Barr\u00e9, que deteriora el sistema nervioso; el apoyo  que el EZLN recibi\u00f3 por parte de las autoridades fue nulo. A modo de  comparaci\u00f3n se traslada hasta 2014 en La Realidad y agradece el apoyo  recibido por parte de La Sexta Nacional e Internacional. &#8220;Apoyo entre  compa\u00f1eros y no migajas del gobierno. Gracias de verdad, nos han dado  una hermosa lecci\u00f3n\u201d puntualiza, pues de los 209 mil pesos que se  requer\u00edan se logr\u00f3 juntar cinco veces m\u00e1s.<\/p>\n<p><strong><em> <\/em><\/strong><\/p>\n<h3>Ya no nos importa la prensa de paga: EZLN. Una cr\u00edtica a los medios masivos de comunicaci\u00f3n<\/h3>\n<p>El Subcomandante hace un an\u00e1lisis de los  medios comerciales: \u201cLos medios de paga han presentado algo que es  maravilloso dentro del capitalismo, porque es de las pocas veces donde  vemos que el capitalismo convierte en mercanc\u00eda la no producci\u00f3n. Se  supone que el trabajo de los medios de comunicaci\u00f3n es producir  informaci\u00f3n, circularla, de modo que se consuma para sus distintos  p\u00fablicos o receptores y el capitalismo ha conseguido que los medios  cobren por no producir, es decir por no informar\u201d.<\/p>\n<p>El periodismo de investigaci\u00f3n ha sido  dejado de lado. Existe una preferencia por las nuevas formas  comunicativas: redes sociales, p\u00e1ginas, blogs, sin embargo no llenan ese  vac\u00edo que dejan los medios de comunicaci\u00f3n, y en el cual podr\u00edan  emerger los medios libres o alternativos.<\/p>\n<p>El papel que juegan en la actualidad los  medios de comunicaci\u00f3n es aquel en el que la paga por informar o callar  es primordial. Un espacio en el que se busca generar recursos: a trav\u00e9s  de la publicidad, la disputa por el rating y\/o contratar su  supervivencia con la clase pol\u00edtica (que tambi\u00e9n est\u00e1 en crisis). Es  entonces cuando los medios masivos de comunicaci\u00f3n (MMC) de ser un medio  de \u201cinformaci\u00f3n\u201d pasaran a ser un medio de entretenimiento.<\/p>\n<p>Agrega a su an\u00e1lisis algunas cifras para  demostrar la decadencia en la que se han sumergido los medios de paga,  en 1994 el tiraje era de m\u00e1s de un mill\u00f3n de ejemplares y en 2007 ha  bajado a 800 mil piezas repartidas, el n\u00famero de lectores disminuy\u00f3  escandalosamente.<\/p>\n<p>El Subcomandante habla de las  colectividades e individualidades y hace una comparaci\u00f3n entre los  medios masivos y los medios libres. &#8220;Quienes han trastocado el mundo de  la informaci\u00f3n son colectivos en donde el individuo est\u00e1 diluido, como  Anounymous\u201d que bajo su naturaleza ha borrado al individuo y ha  resaltado al colectivo. En los medios de paga se resalta la  individualidad y la exclusiva, en los medios libres resalta m\u00e1s la  informaci\u00f3n, la forma de trabajo colectivo y no qui\u00e9n la produce.<\/p>\n<p>El EZLN externa la confianza que tiene  en los medios libres. El Insurgente dice que a largo plazo ellos podr\u00edan  cubrir ese vac\u00edo informacional, aunque a\u00fan no se sabe si lo har\u00e1n, pues  es sabido que existe un dif\u00edcil funcionamiento por la falta de recursos  econ\u00f3micos y la complicada forma de subsistir. Tienen dos tendencias:  &#8220;crecen o desaparecen&#8221;. A veces es poca la informaci\u00f3n que producen pero  es mucho mejor que un medio de paga, dijo respecto a los &#8220;medios  compas&#8221;<\/p>\n<p>Comenta el Insurgente, que el nivel  supremo de comunicaci\u00f3n tiene que ser la compartici\u00f3n, espacio en donde  se genere el acto del escuchar y transmitir.<br \/>\nRespecto a los  &#8220;descabellados an\u00e1lisis&#8221; que se realizaron en torno al Homenaje a  Galeano, aclar\u00f3 que con no dejar entrar a los medios convencionales  jam\u00e1s quisieron decir que no existieran. &#8220;Los medios de paga existen  pero el EZLN quiere cambiar de pol\u00edtica de medios&#8221;<\/p>\n<p><strong><em> <\/em><\/strong><\/p>\n<h3>El Vot\u00e1n Galeano y la deshumanizaci\u00f3n de los Medios Masivos de Comunicaci\u00f3n<\/h3>\n<p>Jos\u00e9 Luis Sol\u00eds L\u00f3pez (Galeano) fue  asesinado en La Realidad por integrantes de la CIOAC hist\u00f3rica en mayo  de 2014. El Subcomandante lo recuerda y explica el significado de su  muerte: \u201cLa importancia de no dejar pasar un muerto, pues despu\u00e9s son  decenas de miles. No vamos a permitir que nadie sea asesinado  impunemente\u201d<\/p>\n<p>&#8220;El manejo de los medios impone una  l\u00f3gica absurda, inhumana. Los de arriba dicen: m\u00e1tenlo pero no lo  muestren&#8221;. Un ejemplo claro es lo que est\u00e1 haciendo el gobierno de  Israel con los ni\u00f1os palestinos, en donde se mueren con paciencia, dijo.  Asesinan a uno, dos, cinco ni\u00f1os palestinos y para los medios sigue sin  ser noticia, tienen que ser cientos de asesinados para atraer su\u00a0  atenci\u00f3n.<\/p>\n<p>Les cuenta a los asistentes mientras  observan y escuchan atentos, que el Vot\u00e1n (Galeano) era quien recibi\u00f3 a  la prensa de paga durante 20 a\u00f1os. \u00c9l se encargaba de transportarlos,  alojarlos, incluso cargarles su equipaje y todos ignoraron y  despreciaron su muerte y se encargaron de levantar a los paramilitares y  presentarlos como h\u00e9roes. Ese fue el motivo de la decisi\u00f3n tomada por  el Subcomandante Insurgente Mois\u00e9s de que no entrara nadie de los medios  masivos al homenaje.<\/p>\n<p>Antes de finalizar, el Subcomandante  Galeano reconoce que en los medios aut\u00f3nomos algunos se van a desmayar,  otros van a traicionar o a claudicar. Tambi\u00e9n expresa que el EZLN  reconoce el esfuerzo y sacrificio de los medios alternativos para llegar  hasta el Caracol I. Es todo Ciudad G\u00f3tica, finaliz\u00f3.<\/p>\n<p>El subcomandante Insurgente Mois\u00e9s  participa luego de la retirada del Subcomandante Insurgente Galeano:  Necesitamos la fuerza de uno a otro, enlazarnos. Cada qui\u00e9n luchemos  pero unidos: ustedes ciudadanos, nosotros ind\u00edgenas.<\/p>\n<\/div>\n<p><!--:--><!--:en--><\/p>\n<p><!--:--><\/p>\n","protected":false},"excerpt":{"rendered":"<p>&#8220;Nos \u00edbamos a despedir de los medios de paga e \u00edbamos a dirigirnos y presentarlos a los medios aut\u00f3nomos, autogestivos, libres etc.&#8221; Subcomandante Insurgente Galeano Conferencia de prensa \/ Subcomandante Insurgente Galeano aqu\u00ed La Realidad, Chiapas, M\u00e9xico. Una maniobra de diversi\u00f3n Son las once de la ma\u00f1ana. Los insurgentes est\u00e1n en fila y tomados de [&hellip;]<\/p>\n","protected":false},"author":1,"featured_media":0,"comment_status":"open","ping_status":"closed","sticky":false,"template":"","format":"standard","meta":{"footnotes":""},"categories":[183],"tags":[844,151,18,591,849],"class_list":["post-10492","post","type-post","status-publish","format-standard","hentry","category-blog","tag-comparticion","tag-la-realidad","tag-medios","tag-medios-libres","tag-subcomandante-galeano"],"_links":{"self":[{"href":"https:\/\/radiozapatista.org\/index.php?rest_route=\/wp\/v2\/posts\/10492","targetHints":{"allow":["GET"]}}],"collection":[{"href":"https:\/\/radiozapatista.org\/index.php?rest_route=\/wp\/v2\/posts"}],"about":[{"href":"https:\/\/radiozapatista.org\/index.php?rest_route=\/wp\/v2\/types\/post"}],"author":[{"embeddable":true,"href":"https:\/\/radiozapatista.org\/index.php?rest_route=\/wp\/v2\/users\/1"}],"replies":[{"embeddable":true,"href":"https:\/\/radiozapatista.org\/index.php?rest_route=%2Fwp%2Fv2%2Fcomments&post=10492"}],"version-history":[{"count":0,"href":"https:\/\/radiozapatista.org\/index.php?rest_route=\/wp\/v2\/posts\/10492\/revisions"}],"wp:attachment":[{"href":"https:\/\/radiozapatista.org\/index.php?rest_route=%2Fwp%2Fv2%2Fmedia&parent=10492"}],"wp:term":[{"taxonomy":"category","embeddable":true,"href":"https:\/\/radiozapatista.org\/index.php?rest_route=%2Fwp%2Fv2%2Fcategories&post=10492"},{"taxonomy":"post_tag","embeddable":true,"href":"https:\/\/radiozapatista.org\/index.php?rest_route=%2Fwp%2Fv2%2Ftags&post=10492"}],"curies":[{"name":"wp","href":"https:\/\/api.w.org\/{rel}","templated":true}]}}