{"id":10413,"date":"2014-08-11T12:35:01","date_gmt":"2014-08-11T17:35:01","guid":{"rendered":"https:\/\/radiozapatista.org\/?p=10413"},"modified":"2017-07-04T08:32:36","modified_gmt":"2017-07-04T13:32:36","slug":"primera-declaracion-de-la-comparticion-del-congreso-nacional-indigena-y-el-ejercito-zapatista-de-liberacion-nacional-sobre-represion-en-contra-de-nuestros-pueblos","status":"publish","type":"post","link":"https:\/\/radiozapatista.org\/?p=10413","title":{"rendered":"<!--:es-->PRIMERA DECLARACI\u00d3N de la compartici\u00f3n entre el CNI y el EZLN: sobre REPRESI\u00d3N en contra de nuestros pueblos<!--:--><!--:en-->FIRST DECLARATION of the CNI-EZLN Exchange: on REPRESSION against our peoples<!--:-->"},"content":{"rendered":"<p><!--:es--><\/p>\n<p style=\"text-align: center;\"><a href=\"https:\/\/radiozapatista.org\/wp-content\/uploads\/2014\/08\/clausura1.jpg\"><img loading=\"lazy\" decoding=\"async\" class=\"size-medium wp-image-10414  aligncenter\" title=\"clausura1\" src=\"https:\/\/radiozapatista.org\/wp-content\/uploads\/2014\/08\/clausura1-300x200.jpg\" alt=\"\" width=\"300\" height=\"200\" srcset=\"https:\/\/radiozapatista.org\/wp-content\/uploads\/2014\/08\/clausura1-300x200.jpg 300w, https:\/\/radiozapatista.org\/wp-content\/uploads\/2014\/08\/clausura1-350x233.jpg 350w, https:\/\/radiozapatista.org\/wp-content\/uploads\/2014\/08\/clausura1.jpg 720w\" sizes=\"auto, (max-width: 300px) 100vw, 300px\" \/><\/a><\/p>\n<p><strong>ESCUCHA EN AUDIO AQU\u00cd:<\/strong><br \/>\n[podcast]https:\/\/radiozapatista.org\/Audios\/comparticion092014_3_represion.MP3[\/podcast]<\/p>\n<p>La guerra contra nuestros pueblos ind\u00edgenas dura ya m\u00e1s de 520 a\u00f1os, el capitalismo se naci\u00f3 de la sangre de nuestros pueblos y a los millones de nuestros hermanos y hermanas que murieron durante la invasi\u00f3n europea, hay que sumar los que murieron en las guerras de independencia y de reforma, con la imposici\u00f3n de las leyes liberales, durante el porfiriato y en la revoluci\u00f3n.<\/p>\n<p><!--:--><!--:en--><\/p>\n<p style=\"text-align: center;\"><a href=\"https:\/\/radiozapatista.org\/wp-content\/uploads\/2014\/08\/clausura1.jpg\"><img loading=\"lazy\" decoding=\"async\" class=\"size-medium wp-image-10414  aligncenter\" title=\"clausura1\" src=\"https:\/\/radiozapatista.org\/wp-content\/uploads\/2014\/08\/clausura1-300x200.jpg\" alt=\"\" width=\"300\" height=\"200\" srcset=\"https:\/\/radiozapatista.org\/wp-content\/uploads\/2014\/08\/clausura1-300x200.jpg 300w, https:\/\/radiozapatista.org\/wp-content\/uploads\/2014\/08\/clausura1-350x233.jpg 350w, https:\/\/radiozapatista.org\/wp-content\/uploads\/2014\/08\/clausura1.jpg 720w\" sizes=\"auto, (max-width: 300px) 100vw, 300px\" \/><\/a><\/p>\n<p><strong>LISTEN TO THE AUDIO HERE (Spanish):<\/strong><br \/>\n[podcast]https:\/\/radiozapatista.org\/Audios\/comparticion092014_3_represion.MP3[\/podcast]<\/p>\n<p><strong>CNI \u2013 EZLN: We do not forget our dead, imprisoned, and disappeared. <\/strong><\/p>\n<p>The war against our indigenous peoples has gone on for more than 520  years. Capitalism was born of the blood of our peoples and the millions  of our brothers and sisters who died during the European invasion. We  must also add those who died in the wars of independence and reform,  with the imposition of liberal laws, during the rule of Porfirio Diaz,  and in the revolution.<\/p>\n<p><!--:--><!--more--><!--:es--><\/p>\n<p>En esta nueva guerra de conquista neoliberal la muerte de nuestros pueblos es la condici\u00f3n de vida de este sistema.<\/p>\n<p>En las \u00faltimas d\u00e9cadas miles y miles de nosotros hemos sido torturados, asesinados, desaparecidos y encarcelados por defender nuestros territorios, nuestras familias,nuestras comunidades, nuestra cultura, nuestra vida misma.<\/p>\n<p>No olvidamos. Porque esa sangre, esas vidas, esas luchas, esa historia son la esencia de nuestra resistencia y de nuestra rebeld\u00eda en contra de quienes nos matan; en la vida y en la lucha de nuestros pueblos ellos viven.<\/p>\n<h3>Est@s son nuestr@s muert@s m\u00e1s recientes:<\/h3>\n<h4>CHIAPAS<\/h4>\n<p>El compa\u00f1ero Galeano de la Junta de Buen Gobierno de la Realidad y Vot\u00e1n de La Escuelita La Libertad seg\u00fan l@s Zapatistas, asesinado violentamente en el caracol de la Realidad, Municipio Aut\u00f3nomo Zapatista, San Pedro Michoac\u00e1n, el pasado 2 de mayo por paramilitares de la CIOAC-H, protegidos por el paramilitar Manuel Velazco Coello y el maximo jefe paramilitar Enrique Pe\u00f1a Nieto.<\/p>\n<p>El 22 de diciembre de 1997, un grupo de 49 personas de Las Abejas, incluidos 4 ni\u00f1os no nacidos, mientras oraban en el paraje de Acteal, municipio de Chenalh\u00f3, fueron asesinados violentamente por un grupo de paramilitares pri\u00edstas protegidos por el gobierno del estado y por el criminal Ernesto Zedillo Ponce de Le\u00f3n.<\/p>\n<p>Los adultos asesinados: Manuel Santiz Culebra, Daniel G\u00f3mez P\u00e9rez, Victorio V\u00e1zquez G\u00f3mez, Miguel P\u00e9rez Jim\u00e9nez, Ignacio Pucuj Luna, Alonso V\u00e1zquez G\u00f3mez, Lorenzo G\u00f3mez P\u00e9rez, Antonio V\u00e1zquez Luna, Mar\u00eda P\u00e9rez Oyalt\u00e9, Marcela Capote Ruiz, Marcela Pucuj Luna, Catalina Luna P\u00e9rez, Manuela P\u00e9rez Moreno o Manuela Paciencia Moreno, Margarita M\u00e9ndez Paciencia, Marcela Luna Ruiz, Juana P\u00e9rez P\u00e9rez o Florinda P\u00e9rez P\u00e9rez, Mar\u00eda G\u00f3mez Ruiz, Ver\u00f3nica V\u00e1zquez Luna, Paulina Hern\u00e1ndez V\u00e1zquez, Susana Jim\u00e9nez Luna, Rosa P\u00e9rez P\u00e9rez, Antonia V\u00e1zquez P\u00e9rez, Marcela V\u00e1zquez P\u00e9rez, Juana Luna V\u00e1zquez, Juana G\u00f3mez P\u00e9rez, Mar\u00eda Capote P\u00e9rez, Marcela Capote V\u00e1zquez.<\/p>\n<p>Los menores asesinados: Martha Capote P\u00e9rez, Rosa V\u00e1zquez Luna, Loida Ruiz G\u00f3mez, Micaela V\u00e1zquez P\u00e9rez, Josefa V\u00e1zquez P\u00e9rez, Sebasti\u00e1n G\u00f3mez P\u00e9rez, Juana P\u00e9rez Luna, Roselina G\u00f3mez Hern\u00e1ndez, Luc\u00eda M\u00e9ndez Capote, Graciela G\u00f3mez Hern\u00e1ndez, Mar\u00eda Luna M\u00e9ndez, Silvia P\u00e9rez Luna, Vicente M\u00e9ndez Capote, Micaela V\u00e1zquez Luna, Juana V\u00e1zquez Luna, Alejandro P\u00e9rez Luna , Juan Carlos Luna P\u00e9rez, Guadalupe G\u00f3mez Hern\u00e1ndez.<\/p>\n<p>Juan V\u00e1zquez Guzm\u00e1n y Juan Carlos G\u00f3mez Silvano, de la comunidad Tzeltal de San Sebasti\u00e1n Bachaj\u00f3n, asesinados el d\u00eda 24 de abril del 2013 y 21 de marzo del 2014, respectivamente por la defensa del territorio en el conflicto con las Autoridades ejidales y los tres niveles del mal gobierno.<\/p>\n<p>Filem\u00f3n Ben\u00edtez P\u00e9rez, Antonio Ben\u00edtez P\u00e9rez, Mar\u00eda N\u00fa\u00f1ez Gonz\u00e1lez y Vicente P\u00e9rez D\u00edaz, asesinados el 13 de noviembre de 2006 integrantes de la organizaci\u00f3n Xi-Nich, choles de la comunidad de Viejo Velasco, Ocosingo a manos de elementos de la Polic\u00eda Sectorial con armas de alto poder.<\/p>\n<h4>OAXACA<\/h4>\n<p>H\u00e9ctor Regalado Jim\u00e9nez, integrante de la Asamblea Popular del Pueblo Juchiteco, quien muri\u00f3 el primero de agosto de 2013 a causa de las heridas propinadas por la Polic\u00eda Auxiliar Bancaria Industrial y Comercial, y pistoleros de la empresa Gas Natural Fenosa, quienes fung\u00edan como vigilantes dentro del parque e\u00f3lico.<\/p>\n<p>Pablo Jarqu\u00edn Ruiz, mixe asesinado al reclamar los disparos lanzados que asustaron a los ni\u00f1os de la primaria del pueblo cuando el ejercito ingresaba a su comunidad el 17 de diciembre de 2012.<\/p>\n<p>Maximino Salinas Hern\u00e1ndez, presidente del Comisariado Ejidal de su comunidad, Fuerza Chinanteca Kia-nan, de San Antonio Las Palmas, Jocotepec, asesinado el 30 de junio de 2013, dos meses despu\u00e9s de que su pueblo retuviera maquinaria del municipio para exigir obras p\u00fablicas.<\/p>\n<p>Carlos S\u00e1nchez L\u00f3pez asesinado el 8 de Agosto de 2003, en Juchitan Oaxaca, Manuel Posada Ch\u00e9vez asesinado el 5 de Abril de 2004 en Uni\u00f3n Hidalgo, Oaxaca, en el contexto de la lucha del Concejo Ciudadano Unidalguense, contra el Plan Puebla-Panam\u00e1 y la corrupci\u00f3n del edil priista Armando Sanch\u00e9z<\/p>\n<h4>JALISCO<\/h4>\n<p>Aristeo Flores Rol\u00f3n y Nazario Aldama Villa, representantes ind\u00edgenas de la comunidad nahua de Ayotitl\u00e1n, Sierra de Manantl\u00e1n, quienes eran miembros del Consejo de Mayores, Autoridades Tradicionales de la Sierra de Manantl\u00e1n y que fueron asesinados en septiembre del 2001 y mayo del 2003.<\/p>\n<p>Juan Monroy y Jos\u00e9 Luis Rosales Conteras de las comunidades de la parte alta del Ejido nahua de Ayotitl\u00e1n, en la delegaci\u00f3n de Telcruz: Perseguidos y balaceados por defender la organizaci\u00f3n en contra de la tala inmoderada en la zona.<\/p>\n<h4>MICHOAC\u00c1N<\/h4>\n<p>Diego Ram\u00edrez Dom\u00ednguez, Sim\u00f3n Pineda Verd\u00eda, Sim\u00f3n Pineda (hijo), Quint\u00edn Regis Valdez, Erik Nemecio Dom\u00ednguez, Ernesto Nicol\u00e1s L\u00f3pez, Pedro Nazario Dom\u00ednguez, Pedro Guzm\u00e1n Ram\u00edrez, Ambrosio Verd\u00eda Mac\u00edas, Francisco Verd\u00eda Mac\u00edas, Pedro Leyva, Isidro Mora Dom\u00ednguez, Feliciano Cirino Dom\u00ednguez, Jonathan Verd\u00eda G\u00f3mez, Fortino Verd\u00eda G\u00f3mez, Nicol\u00e1s de la Cruz Rojas, Rafael de la Cruz, Juan Faustino Nemesio, J. Trinidad de la Cruz Cris\u00f3stomo, Cris\u00f3foro S\u00e1nchez Reyes, Teodulo Santos Gir\u00f3n, Feliciano Corona Cirino asesinados entre el 2008 y el 2013 de la comunidad nahua de Santa Mar\u00eda de Ostula, Michoac\u00e1n.<\/p>\n<p>\u00a1Para ell@s exigimos JUSTICIA!<\/p>\n<h3>Est@s son nuestr@s desaparecid@s:<\/h3>\n<h4>JALISCO<\/h4>\n<p>Celedonio Monroy Prudencio, nahua de la comunidad de Loma Colorada, del ejido nahua de Ayotitl\u00e1n, Sierra de Manantl\u00e1n, Jalisco, quien fue desaparecido por supuestos polic\u00edas ministeriales en su domicilio el pasado 22 de octubre del 2012.<\/p>\n<p>Agust\u00edn Mancilla Partida, nahua desaparecido el pasado mes de octubre del 2012 en la comunidad nahua de Villa Purificaci\u00f3n.<\/p>\n<h4>MICHOAC\u00c1N<\/h4>\n<p>Javier Mart\u00ednez Robles, Gerardo Vera Orcino, Francisco de As\u00eds Manuel, Enrique Dom\u00ednguez Mac\u00edas y Mart\u00edn Santos Luna, comuneros nahuas de Santa Maria Ostula, desparecidos en distintas fechas entre 2010 y 2013.<\/p>\n<p>La familia Guzm\u00e1n Cruz, de nombres Amafer, Sol\u00f3n, Armando, Venustiano y Jos\u00e9 de Jes\u00fas Guzm\u00e1n Jim\u00e9nez, desaparecidos el 24 de julio de 1974, perseguidos por su militancia politica, en un operativo en el que el Ejercito Mexicano ingreso a la comunidad pur\u00e9pecha de Tarejero, municipio de Zacapu, Michoacan, llev\u00e1ndose a la familia.<\/p>\n<h4>DISTRITO FEDERAL<\/h4>\n<p>Teodulfo Torres Soriano, migrante ind\u00edgena de Oaxaca, fue desaparecido entre el 23 y el 26 de marzo de 2013 por ser el principal testigo del ataque y posterior muerte de Juan Francisco Kuykendall el primero de diciembre de 2012.<\/p>\n<h4>VERACRUZ<\/h4>\n<p>Flabio Granado Llanos y Cornelio Viberos Venabidez originarios de San Francisco Agua fr\u00eda municipio de Tatahuicapan, venian de San Antonio, desaparecidos desde el 21 de diciembre del 2012.<\/p>\n<p>\u00a1VIV@S se los llevaron, VIV@S los queremos!<\/p>\n<h3>Est@s son nuestr@s pres@s:<\/h3>\n<h4>OAXACA<\/h4>\n<p>Alejandro Regalado Jim\u00e9nez, binniz\u00e1 de Juchit\u00e1n de Zaragoza, preso el 3 de abril 2013 y sentenciado a 10 a\u00f1os en el reclusorio de Tehuantepec detenido por ser ind\u00edgena zapoteco y vivir en la s\u00e9ptima secci\u00f3n del pueblo donde la Asamblea Popular del Pueblo Juchiteco (APPJ) defend\u00eda la tierra, el territorio y el aire contra la invasi\u00f3n del parque e\u00f3lico Bii Yooxh\u2019o de la empresa espa\u00f1ola Gas Natural Fenosa.<\/p>\n<p>\u00c1lvaro Sebasti\u00e1n Ram\u00edrez, Justino Hern\u00e1ndez Jos\u00e9, Eleuterio Hern\u00e1ndez Garc\u00eda, Abraham Garc\u00eda Ram\u00edrez, Zacar\u00edas Pascual Garc\u00eda L\u00f3pez, Agust\u00edn Luna Valencia y Fortino Enr\u00edquez Hern\u00e1ndez, ind\u00edgenas binniz\u00e1 de San Agust\u00edn Loxicha, maestros y campesinos, guardianes de sus pueblos, detenidos desde hace 18 a\u00f1os, sentenciados entre 20 y 30 a\u00f1os de prisi\u00f3n.<\/p>\n<p>Pablo L\u00f3pez Alavez, ind\u00edgena binniz\u00e1 de San Isidro Aloapan, preso en el penal de Villa de Etla, secuestrado en 2010 por supuestos muebleros y aparecido en dicho penal. Defensor de los bosques, territorio y recursos naturales de su comunidad.<\/p>\n<p>Dionisio Tapia Isidro, Sixto Jos\u00e9 Miramar y Filomeno Ortiz Antonio, ind\u00edgenas mixe de San Lucas Camotl\u00e1n, Oaxaca, quienes fueron apresados solamente por preguntar al ej\u00e9rcito mexicano la raz\u00f3n por la cual ingresaba a su comunidad el 17 de diciembre de 2012.<\/p>\n<h4>PUEBLA<\/h4>\n<p>Enedina Rosas V\u00e9lez comisariada ejidal de San Felipe Xonacayucan, Atlixco ind\u00edgena nahua integrante del Frente de Pueblos en Defensa de la Tierra y el Agua de Morelos, Puebla y Tlaxcala FPDTA-MPT detenida el pasado 6 de abril, presa en el CERESO regional de Atlixco, por defender y respetar la desici\u00f3n de su pueblo contra el despojo de tierras por el Proyecto Integral Morelos (PIM) y denunciada por la empresa Italiana Bonatti.<\/p>\n<p>Juan Carlos Flores Sol\u00eds de San Andres Cholula, reg\u00ed\u00f3n nahua del valle de Puebla, integrante del FPDTA-MPT detenido el pasado 7 de abril, preso en el CERESO regional de San Pedro Cholula, por defender el derecho de los pueblos ante el despojo provocado por el PIM, denunciado por el mal gobierno de Rafael Moreno Valle, se le dictaron 2 ordenes de aprehensi\u00f3n m\u00e1s, una por la empresa italiana Bonatti y la otra por la Comisi\u00f3n Federal de Electricidad.<\/p>\n<h4>CHIAPAS<\/h4>\n<p>Alejandro D\u00edaz Sant\u00eds, tzotzil de Mitontic, sentenciado a 30 a\u00f1os de prisi\u00f3n sin haber cometido ning\u00fan delito, se encuentra recluido en el CERESO numero 5 de San Cristobal de las Casas.<\/p>\n<h4>QUER\u00c9TARO<\/h4>\n<p>Rub\u00e9n D\u00edaz Orozco quien lleva 17 a\u00f1os preso por ser dirigente social, se encuentra recluido en CERESO de San Jos\u00e9 El Alto, Quer\u00e9taro desde marzo de 1998. El compa\u00f1ero est\u00e1 por cumplir setenta a\u00f1os de edad y con serios problemas de salud. (Se exige se le excarcele por su condici\u00f3n de adulto mayor y severos problemas de salud).<\/p>\n<h4>ESTADO DE M\u00c9XICO<\/h4>\n<p>R\u00f3mulo Arias Mireles, Pedro S\u00e1nchez Berriozabal y Te\u00f3filo P\u00e9rez Gonz\u00e1lez, defensores del agua de la comunidad Nahua de San Pedro Tlanixco: sentenciados a 54, 52 y 50 a\u00f1os de prisi\u00f3n respectivamente; Lorenzo S\u00e1nchez Berriozabal, Marco Antonio P\u00e9rez Gonz\u00e1lez y Dominga Mart\u00ednez Gonz\u00e1lez, quienes se encuentran actualmente en proceso recluidos en el penal de Santiaguito, Almoloya de Ju\u00e1rez por luchar contra el despojo de las aguas de las faldas del volc\u00e1n Xinantecatl para grandes empresas floricultoras.<\/p>\n<p>\u00a1Para ellos exigimos su LIBERTAD!<\/p>\n<h3>Igualmente exigimos la cancelaci\u00f3n de las ordenes de aprehensi\u00f3n de nuestr@s siguientes herman@s:<\/h3>\n<h4>OAXACA<\/h4>\n<p>Mariano L\u00f3pez G\u00f3mez, Raymundo Regalado Jim\u00e9nez y Carlos S\u00e1nchez Mart\u00ednez, integrantes de la Asamblea Popular del Pueblo Juchiteco, quienes fueron denunciados por delitos fabricados y tienen que vivir en constante alerta, denunciados por la empresa e\u00f3lica trasnacional Gas Natural Fenosa.<\/p>\n<h4>PUEBLA<\/h4>\n<p>Avelino Velazques Tapia, Eusebio Aguilar Torres, Alejandro Torres Chocolatl, Adela Ramos Villalba, Juan \u00c1lvares Tapia, Federico Villalba Ramos, ind\u00e9genas nahua integrantes del Frente de Pueblos en defensa de la tierra y el agua de Morelos, Puebla y Tlaxcala FPDTA-MPT denunciados por la Comisi\u00f3n Federal de Electricidad por defender la tierra y el agua en oposici\u00f3n al Proyecto Integral Morelos.<\/p>\n<h4>JALISCO<\/h4>\n<p>Cirilo Rojas L\u00f3pez y Casiano P\u00e9rez Magall\u00f3n, Jorge de los Santos P\u00e9rez, Vicente Paredes Perales, Jos\u00e9 Abraham de la Rosa Sanabria, Ismael de los Santos Gonz\u00e1lez, Petra Sanabria Claro y Manuel Alejandro Jacobo Contreras, habitantes y comuneros todos de la comunidad coca de Mezcala de la asunci\u00f3n, quienes han sido denunciados y perseguidos injustamente por el invasor Guillermo Moreno Ibarra a partir de septiembre del 2011 por defender el territorio comunal. Salvador de la Rosa Paredes quien fue denunciado y quien ahora nuevamente resulta denunciado por el invasor antes se\u00f1alado.<\/p>\n<p>De la misma manera exigimos el cese al hostigamiento y amenazas en contra de nuestr@s siguientes herman@s:<\/p>\n<h4>PUEBLA<\/h4>\n<p>El pasado lunes 4 de Agosto, mientras realizabamos esta compartici\u00f3n, 10 funcionarios p\u00fablicos del Instituto Federal de Comunicaciones (IFETEL), dirigidos por Ra\u00fal Leonel Mulhia Arsaluz y acompa\u00f1ados por dos patrullas y tres camionetas de la Polic\u00eda Federal Preventiva, allanaron violentamente las instalaciones de Radio Zacatepec, de la comunidad nahua de Santa Mar\u00eda Zacatepec, en el Municipio de Juan C. Bonilla, decomisando un transmisor, dos micr\u00f3fonos, un transformador, un CPU y una consola; minutos despu\u00e9s ocho hombres vestidos de civil, con pantal\u00f3n y camisa blanca sin logo, con un gafete del IFETEL como identificaci\u00f3n y acompa\u00f1ados de tres patrullas de la Polic\u00eda Federal Preventiva que bloquearon el acceso a la calle, amenazaron a la compa\u00f1era Mar\u00eda Eugenia Toxcoyoa, operadora de Axocotzin Radio, de la comunidad nahua de San Bernardino Tlaxcalancingo, en el Municipio de San Andr\u00e9s Cholula, exigiendo que les permitiera entrar a las instalaciones de la radio, o de lo contrario har\u00edan uso de la fuerza p\u00fablica; ingresando seis hombres a las instalaciones y da\u00f1ando las mismas, llev\u00e1ndose el transmisor, el monitor, tres micr\u00f3fonos y el CPU que contiene toda la memoria hist\u00f3rica, social y pol\u00edtica que la radio recolect\u00f3 en la Junta Auxiliar de Tlaxcalancingo. Estas acciones fueron orquestadas por el gobierno federal y el gobierno de Rafa\u00e9l Moreno Valle con el fin de frenar la lucha de los pueblos de Tlaxcala, Puebla y Morelos en contra del Plan Integral Morelos.<\/p>\n<h4>MICHOAC\u00c1N<\/h4>\n<p>El comandante de la polic\u00eda comunitaria de Santa Mar\u00eda Ostula, Cemei Verd\u00eda Zepeda, a quien se le pretende crear un montaje de intento de homicidio en su lucha contra el despojo de la tierra y los recursos naturales.<\/p>\n<h4>ESTADO DE M\u00c9XICO<\/h4>\n<p>Rey P\u00e9rez Mart\u00ednez, expresidente del Comisariado Ejidal de San Pedro Tlanixco, y Santos Alejandro \u00c1lvarez Zetina, en contra de quienes se desato una represi\u00f3n sistem\u00e1tica, cateo de sus hogares a altas horas de la noche y no pueden regresar a su hogar desde hace 11 a\u00f1os.<\/p>\n<h4>OAXACA<\/h4>\n<p>Carmen Ruiz Mart\u00ednez, integrante de la APPJ quien ha recibido amenazas de muerte, v\u00eda telef\u00f3nica por sicarios de la empresa Gas Natural Fenosa, quienes intentan secuestrarla.<\/p>\n<p>Ra\u00fal Javier Gatica Bautista, ind\u00edgena mixteco exiliado fuera del pa\u00eds por las constantes amenazas de muerte que recib\u00eda por defender el derecho de los pueblos que conforman el Consejo Ind\u00edgena Popular de Oaxaca Ricardo Flores Mag\u00f3n (CIPO-RFM).<\/p>\n<p>De nuestro dolor naci\u00f3 nuestra rabia, de la rabia nuestra rebeld\u00eda, y de la rebeld\u00eda nacer\u00e1 la libertad de los pueblos del mundo.<\/p>\n<p style=\"text-align: center;\">Desde la Realidad Zapatista, Agosto del 2014<\/p>\n<p style=\"text-align: center;\">Por la reconstituci\u00f3n integral de nuestros pueblos<\/p>\n<p style=\"text-align: center;\">Nunca m\u00e1s un M\u00e9xico sin nosotros<\/p>\n<p style=\"text-align: center;\">CONGRESO NACIONAL IND\u00cdGENA<\/p>\n<p style=\"text-align: center;\">EJ\u00c9RCITO ZAPATISTA DE LIBERACI\u00d3N NACIONAL<\/p>\n<p><!--:--><!--:en--><\/p>\n<p>In this new neoliberal war of conquest, the death of our people is the condition for the life of this system.<\/p>\n<p>In the last few decades, thousands and thousands of us have been  tortured, assassinated, disappeared, and imprisoned for defending our  territories, our families, our communities, our culture \u2013 our life  itself.<\/p>\n<p>We do not forget. Because this blood, these lives, these struggles,  and this history are the essence of our resistance and our rebellion  against those who kill us; they live in the life and in the struggle of  our people.<\/p>\n<h3>These are our most recent dead:<strong><\/p>\n<p><\/strong><\/h3>\n<h4>CHIAPAS<\/h4>\n<p>* <em>Compa\u00f1ero<\/em> Galeano from the <em>Junta de Buen Gobierno<\/em> of La Realidad and <em>Vot\u00e1n<\/em> from the Little School \u201cFreedom According to the Zapatistas\u201d, violently assassinated in the <em>Caracol<\/em> of La Realidad, Zapatista Autonomous Municipality of San Pedro  Michoac\u00e1n, this past May 2, by paramilitaries from the CIOAC-H, who are  protected by paramilitary Manuel Velazco Coello and the supreme  paramilitary leader Enrique Pe\u00f1a Nieto.<\/p>\n<p>* December 22, 1997, a group of 49 people from Las Abejas, including 4  unborn children, as they prayed in the town of Acteal, municipality of  Chenalh\u00f3, were violently murdered by a group of Priista paramilitaries  protected by the government of the state and by the criminal Ernesto  Zedillo Ponce de Le\u00f3n.<\/p>\n<p>* The murdered adults: Manuel Santiz Culebra, Daniel G\u00f3mez P\u00e9rez,  Victorio V\u00e1zquez G\u00f3mez, Miguel P\u00e9rez Jim\u00e9nez, Ignacio Pucuj Luna, Alonso  V\u00e1zquez G\u00f3mez, Lorenzo G\u00f3mez P\u00e9rez, Antonio V\u00e1zquez Luna, Mar\u00eda P\u00e9rez  Oyalt\u00e9, Marcela Capote Ruiz, Marcela Pucuj Luna, Catalina Luna P\u00e9rez,  Manuela P\u00e9rez Moreno o Manuela Paciencia Moreno, Margarita M\u00e9ndez  Paciencia, Marcela Luna Ruiz, Juana P\u00e9rez P\u00e9rez o Florinda P\u00e9rez P\u00e9rez,  Mar\u00eda G\u00f3mez Ruiz, Ver\u00f3nica V\u00e1zquez Luna, Paulina Hern\u00e1ndez V\u00e1zquez,  Susana Jim\u00e9nez Luna, Rosa P\u00e9rez P\u00e9rez, Antonia V\u00e1zquez P\u00e9rez, Marcela  V\u00e1zquez P\u00e9rez, Juana Luna V\u00e1zquez, Juana G\u00f3mez P\u00e9rez, Mar\u00eda Capote  P\u00e9rez, Marcela Capote V\u00e1zquez.<\/p>\n<p>* The assassinated minors: Martha Capote P\u00e9rez, Rosa V\u00e1zquez Luna,  Loida Ruiz G\u00f3mez, Micaela V\u00e1zquez P\u00e9rez, Josefa V\u00e1zquez P\u00e9rez, Sebasti\u00e1n  G\u00f3mez P\u00e9rez, Juana P\u00e9rez Luna, Roselina G\u00f3mez Hern\u00e1ndez, Luc\u00eda M\u00e9ndez  Capote, Graciela G\u00f3mez Hern\u00e1ndez, Mar\u00eda Luna M\u00e9ndez, Silvia P\u00e9rez Luna,  Vicente M\u00e9ndez Capote, Micaela V\u00e1zquez Luna, Juana V\u00e1zquez Luna,  Alejandro P\u00e9rez Luna, Juan Carlos Luna P\u00e9rez, Guadalupe G\u00f3mez Hern\u00e1ndez.<\/p>\n<p>*Juan V\u00e1zquez Guzm\u00e1n and Juan Carlos G\u00f3mez Silvano, from the Tzeltal community of San Sebasti\u00e1n Bachaj\u00f3n, <strong>assassinated<\/strong> on April 24, 2013 and March 21, 2014, respectively, for defending their  territory in a conflict with the ejidal authorities and the three  levels of bad government.<\/p>\n<p>*Filem\u00f3n Ben\u00edtez P\u00e9rez, Antonio Ben\u00edtez P\u00e9rez, Mar\u00eda N\u00fa\u00f1ez Gonz\u00e1lez,  and Vicente P\u00e9rez D\u00edaz, members of the Xi-Nich organization, Choles from  the community of Viejo Velasco, Ocosingo, assassinated on November 13,  2006, at the hands of the Sectoral Police with high-powered weapons.<\/p>\n<h4>OAXACA<\/h4>\n<p>*H\u00e9ctor Regalado Jim\u00e9nez, member of the Popular Assembly of the  Pueblo Juchiteco, who died August 1, 2013, from wounds inflicted by the  Industrial and Commercial Bank Auxiliary Police and gunmen from the  Fenosa Natural Gas company, who acted as vigilantes for the windfarm.<\/p>\n<p>Pablo Jarqu\u00edn Ruiz, Mixe, assassinated for denouncing the shots fired  that scared the children in the community elementary school when the  army entered their community on December 17, 2012.<\/p>\n<p>*Maximino Salinas Hern\u00e1ndez, president of the Ejidal Authorities of  his community, Fuerza Chinanteca Kia-nan, in San Antonio Las Palmas,  Jocotepec, assassinated June 30, 2013, two months after his community  detained municipal machinery in order to demand public works projects.<\/p>\n<p>*Carlos S\u00e1nchez L\u00f3pez, assassinated on August 8, 2003, in Juchitan,  Oaxaca, and Manuel Posada Ch\u00e9vez, assassinated April 5, 2004, in Uni\u00f3n  Hidalgo, Oaxaca, in the context of the struggle of the Concejo Ciudadano  Unidalguense against the Puebla-Panama Plan and the corruption of the  Priista town councilperson Armando Sanch\u00e9z.<\/p>\n<h4>JALISCO<\/h4>\n<p>*Aristeo Flores Rol\u00f3n and Nazario Aldama Villa, indigenous  representatives from the Nahua community of Ayotitl\u00e1n, Sierra de  Manantl\u00e1n, who were members of the <em>Consejo de Mayores<\/em>, Traditional Authorities of the Sierra de Manantl\u00e1n, and who were assassinated in September 2001 and May 2003.<\/p>\n<p>*Juan Monroy and Jos\u00e9 Luis Rosales Conteras from the Highlands  communities of the Nahua Ejido of Ayotitl\u00e1n, in the Telcruz district:  Persecuted and shot for defending the organization against excessive  logging in the zone.<\/p>\n<h4>MICHOAC\u00c1N<\/h4>\n<p>*Diego Ram\u00edrez Dom\u00ednguez, Sim\u00f3n Pineda Verd\u00eda, Sim\u00f3n Pineda (his  son), Quint\u00edn Regis Valdez, Erik Nemecio Dom\u00ednguez, Ernesto Nicol\u00e1s  L\u00f3pez, Pedro Nazario Dom\u00ednguez, Pedro Guzm\u00e1n Ram\u00edrez, Ambrosio Verd\u00eda  Mac\u00edas, Francisco Verd\u00eda Mac\u00edas, Pedro Leyva, Isidro Mora Dom\u00ednguez,  Feliciano Cirino Dom\u00ednguez, Jonathan Verd\u00eda G\u00f3mez, Fortino Verd\u00eda G\u00f3mez,  Nicol\u00e1s de la Cruz Rojas, Rafael de la Cruz, Juan Faustino Nemesio, J.  Trinidad de la Cruz Cris\u00f3stomo, Cris\u00f3foro S\u00e1nchez Reyes, Teodulo Santos  Gir\u00f3n, and Feliciano Corona Cirino, assassinated between 2008 and 2013,  from the Nahua community of Santa Mar\u00eda de Ostula, Michoac\u00e1n.<\/p>\n<p><strong><\/p>\n<p>For all of them, we demand JUSTICE!<\/strong><\/p>\n<p><strong><\/p>\n<p><\/strong><\/p>\n<h3>These are our disappeared:<\/h3>\n<h4>JALISCO<strong> <\/strong><\/h4>\n<p>*Celedonio Monroy Prudencio, Nahua from the community of Loma  Colorada, from the Nahua ejido of Ayotitl\u00e1n, Sierra de Manantl\u00e1n,  Jalisco, who was disappeared from his home by alleged ministerial police  on October 22, 2012.<\/p>\n<p>*Agust\u00edn Mancilla Partida, Nahua, disappeared in October 2012 in the Nahua community of Villa Purificaci\u00f3n.<\/p>\n<h4>MICHOAC\u00c1N<\/h4>\n<p>*Javier Mart\u00ednez Robles, Gerardo Vera Orcino, Francisco de As\u00eds  Manuel, Enrique Dom\u00ednguez Mac\u00edas and Mart\u00edn Santos Luna, Nahua communal  members from Santa Maria Ostula, disappeared on various dates between  2010 and 2013.<\/p>\n<p>*The Guzm\u00e1n Cruz family, whose names are: Amafer, Sol\u00f3n, Armando,  Venustiano, and Jos\u00e9 de Jes\u00fas Guzm\u00e1n Jim\u00e9nez, disappeared on July 24,  1974, persecuted for their political militancy, in an operation in which  the Mexican army entered the Pur\u00e9pecha community of Tarejero, Zacapu  municipality, Michoacan, and took the family.<strong> <\/strong><\/p>\n<p><strong> <\/strong><\/p>\n<p><strong> <\/strong><\/p>\n<h4>FEDERAL DISTRICT<\/h4>\n<p>*Teodulfo Torres Soriano, indigenous migrant from Oaxaca, was  disappeared between March 23 and 26, 2013, because he was the primary  witness to the attack and later death of Juan Francisco Kuykendall on  December 1, 2012.<\/p>\n<h4>VERACRUZ<\/h4>\n<p>*Flabio Granado Llanos and Cornelio Viberos Venabidez, originally  from San Francisco Agua Fr\u00eda in the Tatahuicapan municipality, coming  from San Antonio and disappeared as of December 21, 2012.<\/p>\n<p><strong>They were taken alive, we want them back alive!<\/strong><\/p>\n<p>*****************************<\/p>\n<h3>These are our imprisoned:<\/h3>\n<h4>OAXACA<\/h4>\n<p>*Alejandro Regalado Jim\u00e9nez, Binniz\u00e1 from Juchit\u00e1n de Zaragoza,  imprisoned since April 3, 2013 and sentenced to 10 years in the  Tehuantepec prison, detained for his Zapotec indigenous identity and for  living in the seventh section of the town where the Popular Assembly of  the Juchiteco Pueblo (APPJ) defended the land, territory, and air  against the invasion of the Bii Yooxh\u2019o windfarm by the Spanish company  Fonesa Natural Gas.<\/p>\n<p>*\u00c1lvaro Sebasti\u00e1n Ram\u00edrez, Justino Hern\u00e1ndez Jos\u00e9, Eleuterio  Hern\u00e1ndez Garc\u00eda, Abraham Garc\u00eda Ram\u00edrez, Zacar\u00edas Pascual Garc\u00eda L\u00f3pez,  Agust\u00edn Luna Valencia and Fortino Enr\u00edquez Hern\u00e1ndez, Binniz\u00e1  indigenous people from San Agust\u00edn Loxicha, teachers and peasants,  guardians of their communities, detained 18 years ago and sentenced to  between 20 and 30 years in prison.<\/p>\n<p>*Pablo L\u00f3pez Alavez, Binniz\u00e1 indigenous from San Isidro Aloapan,  imprisoned in the Villa de Etla prison, kidnapped in 2012 by alleged  furniture manufacturers and then appeared in that prison. Defender of  the forests, territory, and natural resources from his community.<\/p>\n<p>*Dionisio Tapia Isidro, Sixto Jos\u00e9 Miramar and Filomeno Ortiz  Antonio, Mixe indigenous people from San Lucas Camotl\u00e1n, Oaxaca,  imprisoned merely for asking the Mexican army why they entered their  community on December 17, 2012.<\/p>\n<h4>PUEBLA<\/h4>\n<p>*Enedina Rosas V\u00e9lez ejidal authority from San Felipe Xonacayucan,  indigenous Atlixco Nahua, member of the People\u2019s Front in Defense of the  Land and Water of Morelos, Puebla, and Tlaxcala (FPDTA-MPT), detained  last April 6, imprisoned in the regional CERESO in Atlixco, for  defending and respecting the decision of her people against the  dispossession of land for the Integral Project of Morelos (PIM) and  denounced by the Italian company Bonatti.<\/p>\n<p>*Juan Carlos Flores Sol\u00eds from San Andres Cholula, in the Nahua  region of valle de Puebla, member of FPDTA-MPT, detained last April 7,  imprisoned in CERESO regional of San Pedro Cholula for defending the  rights of the people in the face of the dispossession inflicted by the  PIM, denounced by the bad government of Rafael Moreno Valle, and issued  two more arrest warrants: one for by the Italian company Bonatti and the  other by the Federal Electricity Commission.<\/p>\n<h4>CHIAPAS<\/h4>\n<p>*Alejandro D\u00edaz Sant\u00eds, Tzotzil from Mitontic, sentenced to 30 years  in prison without having committed a single crime, and being held in  CERESO number 5 in San Cristobal de las Casas.<\/p>\n<h4>QUERETARO<\/h4>\n<p>*Rub\u00e9n D\u00edaz Orozco, who has been in prison for 17 years for being a  social leader, held in the CERESO in San Jos\u00e9 El Alto, Quer\u00e9taro since  March 1998. The <em>compa\u00f1ero<\/em> is about to turn 70 years old and has  serious health problems. (We demand his release because of his age and  severe health problems).<\/p>\n<h4>STATE OF MEXICO<\/h4>\n<p>*R\u00f3mulo Arias Mireles, Pedro S\u00e1nchez Berriozabal and Te\u00f3filo P\u00e9rez  Gonz\u00e1lez, defenders of water from the Nahua community of San Pedro  Tlanixco: sentenced to 54, 52, and 50 years in prison, respectively.  Lorenzo S\u00e1nchez Berriozabal, Marco Antonio P\u00e9rez Gonz\u00e1lez y Dominga  Mart\u00ednez Gonz\u00e1lez, who are currently under process and imprisoned in the  Santiaguito penitentiary, Almoloya de Juarez, for struggling against  the dispossession of water from the slopes of the Xinantecatl volcano  for major commercial flower companies.<\/p>\n<p>We demand their FREEDOM!<\/p>\n<p><strong>We also demand the cancellation of the arrest warrants for our following brothers and sisters:<\/strong><\/p>\n<h4>OAXACA<\/h4>\n<p>*Mariano L\u00f3pez G\u00f3mez, Raymundo Regalado Jim\u00e9nez and Carlos S\u00e1nchez  Mart\u00ednez, members of the Popular Assembly of the Juchiteco Pueblo, who  were accused of fabricated crimes and have to live on constant alert,  denounced by the transnational wind company Fenosa Natural Gas.<\/p>\n<h4>PUEBLA<\/h4>\n<p>*Avelino Velazques Tapia, Eusebio Aguilar Torres, Alejandro Torres  Chocolatl, Adela Ramos Villalba, Juan \u00c1lvares Tapia, Federico Villalba  Ramos, Nahua indigenous, members of the People\u2019s Front in Defense of the  Land and the Water of Morelos, Puebla, and Tlaxcala FPDTA-MPT,  denounced by the Federal Electricity Commission for defending the land  and the water in opposition to the Morelos Integral Project.<\/p>\n<h4>JALISCO<\/h4>\n<p>*Cirilo Rojas L\u00f3pez and Casiano P\u00e9rez Magall\u00f3n, Jorge de los Santos  P\u00e9rez, Vicente Paredes Perales, Jos\u00e9 Abraham de la Rosa Sanabria, Ismael  de los Santos Gonz\u00e1lez, Petra Sanabria Claro and Manuel Alejandro  Jacobo Contreras, inhabitants and communal members, all from the  community of Coca de Mezcala de la Asunci\u00f3n, who have been unjustly  denounced and persecuted by the invader Guillermo Moreno Ibarra since  September 2011 for defending communal territory. Salvador de la Rosa  Paredes, who was denounced and who is now being denounced again by the  invader named above.<\/p>\n<p>We also demand an end to the harassment and threats against the following brothers and sisters:<\/p>\n<h4>PUEBLA<strong> <\/strong><\/h4>\n<p>*This past August 4, while we were having this exchange, 10 public  functionaries from the Federal Institute of Communications (IFETEL), led  by Ra\u00fal Leanel Mulhia Arsaluz and accompanied by two patrols and three  trucks from the Federal Preventive Police, violently raided the  facilities of Zacatepec Radio in the Nahua community of Santa Mar\u00eda  Zacatepec, in the municipality of Juan C. Bonilla, decommissioning a  transmitter, two microphones, a transformer, a CPU and a console.  Minutes later, eight men in plainclothes, white pants and shirts without  logos, with an IFETEL badge as identification, and accompanied by three  patrols from the Federal Preventative Police who blocked access to the  street, threatened <em>compa\u00f1era<\/em> Mar\u00eda Eugenia Toxcoyoa, operator  of Axocotzin Radio, of the Nahua community of San Bernardino  Tlaxcalancingo, in the Municipality of San Andr\u00e9s Cholula, demanding  that she allow them to enter the radio facilities or else threatening to  use the security forces; six men entered the facilities and damaged  them, taking the transmitter, the monitor, three microphones and the CPU  with all of the historic social and political memory that the radio had  collected in Junta Auxiliar de Tlaxcalancingo. The federal government  and the government of Rafa\u00e9l Moreno Valle orchestrated these actions in  an effort to stop the struggle of the people of Tlaxcala, Puebla and  Morelos against the Morelos Integral Plan.<\/p>\n<h4>MICHOAC\u00c1N<\/h4>\n<p>* The commander of the community police of Santa Mar\u00eda Ostula, Cemei  Verd\u00eda Zepeda, whom they are trying to frame for attempted homicide in  the struggle against dispossession of the land and natural resources.<\/p>\n<h4>STATE OF MEXICO<\/h4>\n<p>*Rey P\u00e9rez Mart\u00ednez, ex-president of the Ejidal Comisariado of San  Pedro Tlanixco, and Santos Alejandro \u00c1lvarez Zetina, against whom they  have unleashed a systematic repression, raiding their homes late at  night and who have not been able to return to their homes for 11 years.<\/p>\n<h4>OAXACA<\/h4>\n<p>*Carmen Ruiz Mart\u00ednez, member of the APPJ who has received death  threats via telephone by hitmen from the Fenosa Natural Gas company who  tried to kidnap them.<\/p>\n<p>*Ra\u00fal Javier Gatica Bautista, Mixteco indigenous, exiled from the  country because of constant death threats that he received for defending  the rights of the communities who make up the Indigenous Popular  Council of Oaxaca Ricardo Flores Mag\u00f3n (CIPO-RFM).<\/p>\n<p>Our rage was born from our pain, and our rebellion from our rage, and  from our rebellion the freedom of the people of the world will be born.<\/p>\n<p style=\"text-align: center;\"><strong>From Zapatista Reality, August 2014<\/strong><\/p>\n<p style=\"text-align: center;\"><strong><em>For the holistic reconstruction of our peoples<\/em><\/strong><\/p>\n<p><strong><em> <\/em><\/strong><\/p>\n<p style=\"text-align: center;\"><strong><em>Never again a Mexico without us<\/p>\n<p><\/em><\/strong><\/p>\n<p style=\"text-align: center;\"><strong>National Indigenous Congress<\/p>\n<p>Zapatista Army for National Liberation <\/strong><\/p>\n<p><!--:--><\/p>\n","protected":false},"excerpt":{"rendered":"<p>ESCUCHA EN AUDIO AQU\u00cd: [podcast]https:\/\/radiozapatista.org\/Audios\/comparticion092014_3_represion.MP3[\/podcast] La guerra contra nuestros pueblos ind\u00edgenas dura ya m\u00e1s de 520 a\u00f1os, el capitalismo se naci\u00f3 de la sangre de nuestros pueblos y a los millones de nuestros hermanos y hermanas que murieron durante la invasi\u00f3n europea, hay que sumar los que murieron en las guerras de independencia y de [&hellip;]<\/p>\n","protected":false},"author":1,"featured_media":0,"comment_status":"open","ping_status":"closed","sticky":false,"template":"","format":"standard","meta":{"footnotes":""},"categories":[1,6,1024,943,118,955,826],"tags":[63,844,56,926,151,37,545,87],"class_list":["post-10413","post","type-post","status-publish","format-standard","hentry","category-audio","category-chiapas","category-cni-temas","category-cni","category-ezln","category-ezln-temas","category-medios-libres-2","tag-cni","tag-comparticion","tag-encuentros","tag-ezln","tag-la-realidad","tag-presos-politicos","tag-pueblos-indigenas","tag-represion"],"_links":{"self":[{"href":"https:\/\/radiozapatista.org\/index.php?rest_route=\/wp\/v2\/posts\/10413","targetHints":{"allow":["GET"]}}],"collection":[{"href":"https:\/\/radiozapatista.org\/index.php?rest_route=\/wp\/v2\/posts"}],"about":[{"href":"https:\/\/radiozapatista.org\/index.php?rest_route=\/wp\/v2\/types\/post"}],"author":[{"embeddable":true,"href":"https:\/\/radiozapatista.org\/index.php?rest_route=\/wp\/v2\/users\/1"}],"replies":[{"embeddable":true,"href":"https:\/\/radiozapatista.org\/index.php?rest_route=%2Fwp%2Fv2%2Fcomments&post=10413"}],"version-history":[{"count":0,"href":"https:\/\/radiozapatista.org\/index.php?rest_route=\/wp\/v2\/posts\/10413\/revisions"}],"wp:attachment":[{"href":"https:\/\/radiozapatista.org\/index.php?rest_route=%2Fwp%2Fv2%2Fmedia&parent=10413"}],"wp:term":[{"taxonomy":"category","embeddable":true,"href":"https:\/\/radiozapatista.org\/index.php?rest_route=%2Fwp%2Fv2%2Fcategories&post=10413"},{"taxonomy":"post_tag","embeddable":true,"href":"https:\/\/radiozapatista.org\/index.php?rest_route=%2Fwp%2Fv2%2Ftags&post=10413"}],"curies":[{"name":"wp","href":"https:\/\/api.w.org\/{rel}","templated":true}]}}