{"id":10405,"date":"2014-08-11T12:21:43","date_gmt":"2014-08-11T17:21:43","guid":{"rendered":"https:\/\/radiozapatista.org\/?p=10405"},"modified":"2017-07-04T08:32:56","modified_gmt":"2017-07-04T13:32:56","slug":"declaraciones-de-la-comparticion-entre-el-cni-y-el-ezln-9-de-agosto-la-realidad","status":"publish","type":"post","link":"https:\/\/radiozapatista.org\/?p=10405","title":{"rendered":"Declaraciones de la Compartici\u00f3n entre el CNI y el EZLN (9 de agosto &#8211; La Realidad)"},"content":{"rendered":"<p><\/p>\n<p style=\"text-align: center;\"><a href=\"https:\/\/radiozapatista.org\/wp-content\/uploads\/2014\/08\/clausura_comparticion.jpg\"><img loading=\"lazy\" decoding=\"async\" class=\"size-medium wp-image-10406  aligncenter\" title=\"clausura_comparticion\" src=\"https:\/\/radiozapatista.org\/wp-content\/uploads\/2014\/08\/clausura_comparticion-300x199.jpg\" alt=\"\" width=\"300\" height=\"199\" srcset=\"https:\/\/radiozapatista.org\/wp-content\/uploads\/2014\/08\/clausura_comparticion-300x199.jpg 300w, https:\/\/radiozapatista.org\/wp-content\/uploads\/2014\/08\/clausura_comparticion-350x233.jpg 350w, https:\/\/radiozapatista.org\/wp-content\/uploads\/2014\/08\/clausura_comparticion-768x510.jpg 768w, https:\/\/radiozapatista.org\/wp-content\/uploads\/2014\/08\/clausura_comparticion.jpg 960w\" sizes=\"auto, (max-width: 300px) 100vw, 300px\" \/><\/a><\/p>\n<p>El Congreso Nacional Ind\u00edgena y el Ej\u00e9rcito Zapatista de Liberaci\u00f3n Nacional se reunieron en el Caracol de La Realidad del 3 al 8 de agosto de 2014, en la Primera Compartici\u00f3n entre los Pueblos Originarios de M\u00e9xico y el EZLN.<\/p>\n<p>En la clausura, el 9 de agosto de 2014, conducida por el Comandante Tacho, se leyeron las siguientes declaraciones:<\/p>\n<p><strong><a href=\"https:\/\/radiozapatista.org\/?p=10383\">Declaraci\u00f3n Conjunta del Congreso Nacional Ind\u00edgena y el EZLN<\/a><\/strong> &#8211; le\u00edda por Armando Garc\u00eda Salazar,  \u00f1\u2019ha\u00f1h\u00fa de San Francisco Xochicuautla (<a href=\"https:\/\/radiozapatista.org\/?p=10383\"><strong>Lee aqu\u00ed<\/strong><\/a>):<br \/>\n[podcast]https:\/\/radiozapatista.org\/Audios\/comparticion092014_1_declaracion_CNI-EZLN.MP3[\/podcast]<\/p>\n<p><strong><a href=\"https:\/\/radiozapatista.org\/?p=10420\">Declaraci\u00f3n sobre el despojo contra nuestros pueblos<\/a><\/strong> &#8211; le\u00edda por Venustiano V\u00e1zquez Navarrete, wix\u00e1rika de Popoztl\u00e1n, y Miriam Vargas Teutle, del Frente de Pueblos en Defensa de la Tierra y el Agua (<strong><a href=\"https:\/\/radiozapatista.org\/?p=10420\">Lee aqu\u00ed<\/a><\/strong>):<br \/>\n[podcast]https:\/\/radiozapatista.org\/Audios\/comparticion092014_2_despojo.MP3[\/podcast]<\/p>\n<p><strong><a href=\"https:\/\/radiozapatista.org\/?p=10413\">Primera declaraci\u00f3n sobre la represi\u00f3n en contra de nuestros pueblos<\/a><\/strong> &#8211; le\u00edda por \u00c9rica Sebasti\u00e1n, zapoteca de Oaxaca (<a href=\"https:\/\/radiozapatista.org\/?p=10413\"><strong>Lee aqu\u00ed<\/strong><\/a>):<br \/>\n[podcast]https:\/\/radiozapatista.org\/Audios\/comparticion092014_3_represion.MP3[\/podcast]<\/p>\n<p><strong>Palabras del Subcomandante Insurgente Mois\u00e9s<\/strong>:<br \/>\n[podcast]https:\/\/radiozapatista.org\/Audios\/comparticion092014_4_Sub_Moises.MP3[\/podcast]<\/p>\n<p><strong>Palabras de clausura del Comandante David<\/strong>:<br \/>\n[podcast]https:\/\/radiozapatista.org\/Audios\/comparticion092014_5_ComandanteDavid.MP3[\/podcast]<\/p>","protected":false},"excerpt":{"rendered":"<p>El Congreso Nacional Ind\u00edgena y el Ej\u00e9rcito Zapatista de Liberaci\u00f3n Nacional se reunieron en el Caracol de La Realidad del 3 al 8 de agosto de 2014, en la Primera Compartici\u00f3n entre los Pueblos Originarios de M\u00e9xico y el EZLN. En la clausura, el 9 de agosto de 2014, conducida por el Comandante Tacho, se [&hellip;]<\/p>\n","protected":false},"author":1,"featured_media":0,"comment_status":"open","ping_status":"closed","sticky":false,"template":"","format":"standard","meta":{"footnotes":""},"categories":[1,6,943,1024,118,955,826],"tags":[626,63,844,926,151,545],"class_list":["post-10405","post","type-post","status-publish","format-standard","hentry","category-audio","category-chiapas","category-cni","category-cni-temas","category-ezln","category-ezln-temas","category-medios-libres-2","tag-ccri","tag-cni","tag-comparticion","tag-ezln","tag-la-realidad","tag-pueblos-indigenas"],"_links":{"self":[{"href":"https:\/\/radiozapatista.org\/index.php?rest_route=\/wp\/v2\/posts\/10405","targetHints":{"allow":["GET"]}}],"collection":[{"href":"https:\/\/radiozapatista.org\/index.php?rest_route=\/wp\/v2\/posts"}],"about":[{"href":"https:\/\/radiozapatista.org\/index.php?rest_route=\/wp\/v2\/types\/post"}],"author":[{"embeddable":true,"href":"https:\/\/radiozapatista.org\/index.php?rest_route=\/wp\/v2\/users\/1"}],"replies":[{"embeddable":true,"href":"https:\/\/radiozapatista.org\/index.php?rest_route=%2Fwp%2Fv2%2Fcomments&post=10405"}],"version-history":[{"count":0,"href":"https:\/\/radiozapatista.org\/index.php?rest_route=\/wp\/v2\/posts\/10405\/revisions"}],"wp:attachment":[{"href":"https:\/\/radiozapatista.org\/index.php?rest_route=%2Fwp%2Fv2%2Fmedia&parent=10405"}],"wp:term":[{"taxonomy":"category","embeddable":true,"href":"https:\/\/radiozapatista.org\/index.php?rest_route=%2Fwp%2Fv2%2Fcategories&post=10405"},{"taxonomy":"post_tag","embeddable":true,"href":"https:\/\/radiozapatista.org\/index.php?rest_route=%2Fwp%2Fv2%2Ftags&post=10405"}],"curies":[{"name":"wp","href":"https:\/\/api.w.org\/{rel}","templated":true}]}}