{"id":10402,"date":"2014-08-11T11:07:21","date_gmt":"2014-08-11T16:07:21","guid":{"rendered":"https:\/\/radiozapatista.org\/?p=10402"},"modified":"2017-07-04T08:33:11","modified_gmt":"2017-07-04T13:33:11","slug":"cni-y-ezln-anuncian-el-primer-gran-festival-mundial-de-las-rebeldias-y-las-resistencias","status":"publish","type":"post","link":"https:\/\/radiozapatista.org\/?p=10402","title":{"rendered":"CNI y EZLN anuncian el Primer Gran Festival Mundial de las Rebeld\u00edas y las Resistencias"},"content":{"rendered":"<p><\/p>\n<p style=\"text-align: center;\"><img decoding=\"async\" class=\"aligncenter\" src=\"http:\/\/www.pozol.org\/wp-content\/uploads\/2014\/08\/CNIRealidad-Heriberto_Paredes-LR-36-660x330.jpg\" alt=\"\" width=\"480\" \/><\/p>\n<h3>Donde los de arriba destruyen, los de abajo reconstruimos<\/h3>\n<p><strong><a href=\"https:\/\/radiozapatista.org\/?p=10383\">LEE\/ESCUCHA LA INVITACI\u00d3N COMPLETA AQU\u00cd<\/a><\/strong><\/p>\n<p>El Congreso Nacional Ind\u00edgena y el Ej\u00e9rcito Zapatista de Liberaci\u00f3n Nacional, reunidos durante 6 d\u00edas en el Caracol 1 de la Realidad, denunciaron ampliamente los distintos despojos contra los pueblos ind\u00edgenas a lo largo y ancho del territorio nacional. \u201cEse despojo tiene un nombre y es el capitalismo\u201d, afirm\u00f3 Venustiano V\u00e1zquez Navarrete, delegado del pueblo wixarika, quien junto con Miriam Vargas dieron lectura al primero de los pronunciamientos de clausura.<\/p>\n<p>En este evento Armando Garc\u00eda Salazar, perteneciente al pueblo \u00f1\u2019ha\u00f1h\u00fa, ley\u00f3 un comunicado donde anuncia la convocatoria al Primer Gran Festival Mundial de las Rebeld\u00edas y las Resistencias, que se llevar\u00e1 a cabo entre los d\u00edas 21 de diciembre de este a\u00f1o y 3 de enero de 2015 en 6 estados del pa\u00eds.<\/p>\n<p><strong><!--more--><\/strong><\/p>\n<p>Ni los largos recorridos hechos por algunos delegados hasta la comunidad tojolabal anfitriona ni el pesado calor lograron bajar los \u00e1nimos; los distintos participantes de los 70 pueblos asistentes escucharon con atenci\u00f3n las palabras finales que conten\u00edan detalladas denuncias que colocaron nombres y cifras a los responsables de la destrucci\u00f3n del pa\u00eds. No se escatim\u00f3 el tiempo para precisar el nivel en que el capitalismo ha dividido y ha permitido que diferentes niveles de gobierno saqueen los territorios ind\u00edgenas.<\/p>\n<p>El pronunciamiento, adem\u00e1s de denunciar el despojo contra los pueblos originarios, construy\u00f3 un reflejo de sus luchas actuales: \u00a8Son despojos que siguen tan vivos como en ese entonces y que adem\u00e1s se han multiplicado por nuevas formas y nuevos rincones que se hacen luchas y resistencias en las que vemos espejos que se reflejan en el espejo que somos\u201d. Fue a trav\u00e9s de 30 espejos en que se mostraron las im\u00e1genes de las resistencias.<\/p>\n<p>\u00c9rica Sebasti\u00e1n, loxicha e hija del preso pol\u00edtico \u00c1lvaro Sebasti\u00e1n, ley\u00f3 la \u201cDeclaraci\u00f3n sobre la represi\u00f3n en contra de nuestros pueblos\u201d, documento que sintetiza una de las principales tem\u00e1ticas abordadas en la compartici\u00f3n del CNI con el EZLN.<\/p>\n<p>Ser\u00e1 el Festival Mundial de las Rebeld\u00edas y las Resistencias una reuni\u00f3n sin precedentes que comenzar\u00e1 en la comunidad \u00f1\u2019ha\u00f1h\u00fa de San Francisco Xochicuautla el pr\u00f3ximo 21 de diciembre y continuar\u00e1 en Amilcingo, Morelos, hasta el d\u00eda 23; luego seguir\u00e1, del d\u00eda 24 al 26, el Gran Festival Cultural en la Ciudad de M\u00e9xico. Los d\u00edas 28 y 29 habr\u00e1 comparticiones en Juchit\u00e1n, Oaxaca y en un estado de la pen\u00ednsula de Yucat\u00e1n, a\u00fan por definirse. Tras los traslados, el evento continuar\u00e1 con la Fiesta de la Rebeld\u00eda y la Resistencia Capitalista en el Caracol 2 de Oventic; finalmente, los d\u00edas 2 y 3 de enero se llevar\u00e1n a cabo los resolutivos y la clausura en la Universidad de la Tierra-CIDECI, en el estado de Chiapas.<\/p>\n<p>En esta compartici\u00f3n de La Realidad, el Subcomandante Insurgente Mois\u00e9s hizo un llamado a la Sexta nacional e internacional para fortalecer la organizaci\u00f3n social. Enfatiz\u00f3 que, a trav\u00e9s de los gobiernos y el sistema capitalista no habr\u00e1 una justicia verdadera: \u00a8Nadie sabe m\u00e1s c\u00f3mo debe ser una buena justicia en el mundo, no nada m\u00e1s en un pa\u00eds, s\u00f3lo los que olemos a sudor, los que olemos a pobreza.\u00a8<\/p>\n<p>Finalmente el Comandante David dio por concluidas las actividades en La Realidad zapatista.<\/p>\n<p>Medios Libres, Aut\u00f3nomos y Comunitarios.<\/p>","protected":false},"excerpt":{"rendered":"<p>Donde los de arriba destruyen, los de abajo reconstruimos LEE\/ESCUCHA LA INVITACI\u00d3N COMPLETA AQU\u00cd El Congreso Nacional Ind\u00edgena y el Ej\u00e9rcito Zapatista de Liberaci\u00f3n Nacional, reunidos durante 6 d\u00edas en el Caracol 1 de la Realidad, denunciaron ampliamente los distintos despojos contra los pueblos ind\u00edgenas a lo largo y ancho del territorio nacional. \u201cEse despojo [&hellip;]<\/p>\n","protected":false},"author":1,"featured_media":0,"comment_status":"open","ping_status":"closed","sticky":false,"template":"","format":"standard","meta":{"footnotes":""},"categories":[1,1024,955,826],"tags":[63,844,255,56,926,848,151,545,87,148,483],"class_list":["post-10402","post","type-post","status-publish","format-standard","hentry","category-audio","category-cni-temas","category-ezln-temas","category-medios-libres-2","tag-cni","tag-comparticion","tag-despojo","tag-encuentros","tag-ezln","tag-festival-de-las-resistencias","tag-la-realidad","tag-pueblos-indigenas","tag-represion","tag-resistencia","tag-tierra-y-territorio"],"_links":{"self":[{"href":"https:\/\/radiozapatista.org\/index.php?rest_route=\/wp\/v2\/posts\/10402","targetHints":{"allow":["GET"]}}],"collection":[{"href":"https:\/\/radiozapatista.org\/index.php?rest_route=\/wp\/v2\/posts"}],"about":[{"href":"https:\/\/radiozapatista.org\/index.php?rest_route=\/wp\/v2\/types\/post"}],"author":[{"embeddable":true,"href":"https:\/\/radiozapatista.org\/index.php?rest_route=\/wp\/v2\/users\/1"}],"replies":[{"embeddable":true,"href":"https:\/\/radiozapatista.org\/index.php?rest_route=%2Fwp%2Fv2%2Fcomments&post=10402"}],"version-history":[{"count":0,"href":"https:\/\/radiozapatista.org\/index.php?rest_route=\/wp\/v2\/posts\/10402\/revisions"}],"wp:attachment":[{"href":"https:\/\/radiozapatista.org\/index.php?rest_route=%2Fwp%2Fv2%2Fmedia&parent=10402"}],"wp:term":[{"taxonomy":"category","embeddable":true,"href":"https:\/\/radiozapatista.org\/index.php?rest_route=%2Fwp%2Fv2%2Fcategories&post=10402"},{"taxonomy":"post_tag","embeddable":true,"href":"https:\/\/radiozapatista.org\/index.php?rest_route=%2Fwp%2Fv2%2Ftags&post=10402"}],"curies":[{"name":"wp","href":"https:\/\/api.w.org\/{rel}","templated":true}]}}