{"id":10383,"date":"2014-08-10T08:51:23","date_gmt":"2014-08-10T13:51:23","guid":{"rendered":"https:\/\/radiozapatista.org\/?p=10383"},"modified":"2014-08-15T14:32:00","modified_gmt":"2014-08-15T19:32:00","slug":"%c2%a1los-de-abajo-reconstruimos-ezln-invita-al-festival-mundial-de-las-resistencias-y-las-rebeldias","status":"publish","type":"post","link":"https:\/\/radiozapatista.org\/?p=10383","title":{"rendered":"\u00a1Los de abajo reconstruimos! &#8211; EZLN invita al Festival Mundial de las Resistencias y las Rebeld\u00edas"},"content":{"rendered":"<p><\/p>\n<div><img decoding=\"async\" src=\"http:\/\/www.pozol.org\/wp-content\/uploads\/2014\/08\/ezln-630x330.jpg\" alt=\"EZLN invita al Festival Mundial de Las Resistencias y las Rebeldias contra el Capitalismo \u201cDonde Los De Arriba destruyen Los de Abajo Reconstruimos\u201d\" width=\"480\" \/><\/div>\n<h4>EZLN invita  al Festival Mundial de Las Resistencias y las Rebeld\u00edas contra el  Capitalismo \u201cDonde Los De Arriba destruyen Los de Abajo Reconstruimos\u201d<\/h4>\n<div>\n<p style=\"text-align: center;\">S\u00e1bado, 9 de agosto de 2014<\/p>\n<h3 style=\"text-align: center;\">Invitaci\u00f3n al Festival mundial de las Resistencias y las Rebeld\u00edas<\/h3>\n<blockquote><p>\u201cVenimos para compartir nuestros sentimientos y dolores que nos han  hecho este sistema neoliberal. Pero no solo. Tambi\u00e9n es seguro que  venimos a compartir los valiosos conocimientos, experiencias de lucha,  de organizaci\u00f3n. Retos y desaf\u00edos frente a los capitalistas invasores y  neoliberales que tanto da\u00f1o nos han causado.\u201d<\/p><\/blockquote>\n<p style=\"text-align: right;\">(EZLN, agosto de 2014)<\/p>\n<p><strong>ESCUCHA EN AUDIO AQU\u00cd:<\/strong><br \/>\n[podcast]https:\/\/radiozapatista.org\/Audios\/comparticion092014_1_declaracion_CNI-EZLN.MP3[\/podcast]<\/p>\n<p>A l@s hermanas y hermanos de la Sexta nacional e internacional:<\/p>\n<p>Reunidos nuestros pueblos en la Compartici\u00f3n de Pueblos Zapatistas y  el Congreso Nacional Ind\u00edgena \u201cDavid Ru\u00edz Garc\u00eda\u201d, nos platicamos  nuestros dolores, nuestras palabras y experiencias de lucha, rebeld\u00eda y  resistencia.<\/p>\n<p>Juntos sabemos que en nuestras rebeld\u00edas est\u00e1n nuestros \u201cNO\u201d a las  pol\u00edticas de destrucci\u00f3n que hace el capitalismo en todo el mundo. Y  conocemos que en nuestras resistencias est\u00e1n las semillas del mundo que  queremos.<\/p>\n<p>Estas rebeld\u00edas y resistencias no son solo de los pueblos originarios  de M\u00e9xico. Andan tambi\u00e9n en los pasos de los pueblos originarios de  todo el continente y en todos los rincones del planeta donde individu@s,  grupos, colectivos y organizaciones no solo dicen \u201cNO\u201d a la  destrucci\u00f3n, sino que tambi\u00e9n van reconstruyendo algo nuevo.<\/p>\n<p><strong><!--more--><\/strong><\/p>\n<p>En esta compartici\u00f3n que sabemos ha sido posible en gran medida  gracias al apoyo de hermanos y hermanas de la Sexta nacional e  internacional, confirmamos que nuestra madre tierra, dadora de toda la  vida en el planeta, est\u00e1 en peligro y con ello la humanidad entera;  vemos que es el capitalismo neoliberal el que provoca tanto dolor, tanta  destrucci\u00f3n y tanta muerte, que es el que nos despoja, explota,  desprecia y reprime.<\/p>\n<p>En la defensa de la madre tierra, en la lucha por la humanidad y contra el neoliberalismo, no hay lucha peque\u00f1a.<\/p>\n<p>Hermanos y hermanas de la Sexta nacional e internacional, porque  sabemos que este capitalismo salvaje y de muerte no es invencible, como  ya nos lo ense\u00f1an, adem\u00e1s de la experiencia zapatista, las rebeld\u00edas y  resistencias que florecen en todo el planeta, y que sus dolores son  nuestros dolores, y que sus luchas son nuestras luchas, y que sus sue\u00f1os  son nuestros sue\u00f1os, queremos compartirnos con ustedes las palabras,  las experiencias, los caminos y la decisi\u00f3n conjunta de que es posible  un mundo donde quepan muchos mundos. Vamos concretando los pasos para  lograr ese sue\u00f1o, es necesario compartirnos, saber qu\u00e9 pensamos,  escucharnos para saber c\u00f3mo son nuestras luchas, para conocer nuestras  rebeld\u00edas y aprender de nuestras resistencias.<\/p>\n<p>Los pueblos, tribus y naciones hemos acordado en esta asamblea  realizar junto con ustedes el \u201cPrimer Festival Mundial de las  Resistencias y las Rebeld\u00edas contra el Capitalismo\u201d con el lema de  \u201cDONDE LOS DE ARRIBA DESTRUYEN LOS DE ABAJO RECONSTRUIMOS\u201d.<\/p>\n<p>Esta gigantesca compartici\u00f3n mundial se llevar\u00e1 a cabo entre los d\u00edas  22 de diciembre del 2014 y 3 de enero de 2015 en las siguientes sedes:<\/p>\n<p>*Inauguraci\u00f3n en la comunidad \u00d1atho de San Francisco Xochicuautla,  Lerma, Estado de M\u00e9xico, el d\u00eda domingo 21 de diciembre del 2014.<\/p>\n<p>*Comparticiones en las comunidades de San Francisco Xochicuautla y en Amilzingo, Morelos los d\u00edas 22 y 23 de diciembre del 2014.<\/p>\n<p>*Gran Festival Cultural en el Distrito Federal los d\u00edas 24, 25 y 26 de diciembre de 2014.<\/p>\n<p>*Continuaci\u00f3n de comparticiones en las comunidades Binniz\u00e1 de  Juchit\u00e1n, Oaxaca, y en la pen\u00ednsula de Yucat\u00e1n, los d\u00edas 28 y 29 de  diciembre del 2014.<\/p>\n<p>*Fiesta de la rebeld\u00eda y la resistencia anticapitalista en el Caracol  de Oventic los d\u00edas 31 de diciembre del 2014 y primero de enero del  2015.<\/p>\n<p>*Conclusiones y clausura, pronunciamientos y declaraciones, en el  CIDECI, San Crist\u00f3bal de las Casas, Chiapas, los d\u00edas 2 y 3 de enero del  2015.<\/p>\n<p>Nuestra compartici\u00f3n en este \u201cPrimer Festival Mundial de las  Resistencias y las Rebeld\u00edas contra el Capitalismo\u201d ser\u00e1 entre los  pueblos zapatistas, los pueblos, tribus, naciones y barrios del Congreso  Nacional Ind\u00edgena, los pueblos originarios del continente, y pueblos,  colectivos e individuos adherentes a la Sexta nacional e internacional  en todo el mundo.<\/p>\n<p>En los p\u0155oximos d\u00edas les daremos a conocer m\u00e1s detalles de esta convocatoria.<\/p>\n<p>Nuestros pueblos que somos del ma\u00edz al compartir con ustedes seremos  como la milpa que florece, para fortalecernos en nuestras resistencias y  cuidar a nuestra madre tierra en este nuevo caminar que queremos  compartir.<\/p>\n<p>Desde la Realidad Zapatista, Agosto del 2014<\/p>\n<p>Por la reconstituci\u00f3n integral de nuestros pueblos<\/p>\n<p>Nunca m\u00e1s un M\u00e9xico sin nosotros<\/p>\n<p>CONGRESO NACIONAL IND\u00cdGENA<\/p>\n<p>EJ\u00c9RCITO ZAPATISTA DE LIBERACI\u00d3N NACIONAL.<\/p>\n<p>M\u00e1s los individu@s, grupos, colectivos, organizaciones de la Sexta en todo el mundo que se sumen en esta convocatoria.<\/p>\n<\/div>\n<p><\/p>","protected":false},"excerpt":{"rendered":"<p>EZLN invita al Festival Mundial de Las Resistencias y las Rebeld\u00edas contra el Capitalismo \u201cDonde Los De Arriba destruyen Los de Abajo Reconstruimos\u201d S\u00e1bado, 9 de agosto de 2014 Invitaci\u00f3n al Festival mundial de las Resistencias y las Rebeld\u00edas \u201cVenimos para compartir nuestros sentimientos y dolores que nos han hecho este sistema neoliberal. Pero no [&hellip;]<\/p>\n","protected":false},"author":13,"featured_media":0,"comment_status":"open","ping_status":"closed","sticky":false,"template":"","format":"standard","meta":{"footnotes":""},"categories":[1,826],"tags":[63,56,926,848,151,545,148],"class_list":["post-10383","post","type-post","status-publish","format-standard","hentry","category-audio","category-medios-libres-2","tag-cni","tag-encuentros","tag-ezln","tag-festival-de-las-resistencias","tag-la-realidad","tag-pueblos-indigenas","tag-resistencia"],"_links":{"self":[{"href":"https:\/\/radiozapatista.org\/index.php?rest_route=\/wp\/v2\/posts\/10383","targetHints":{"allow":["GET"]}}],"collection":[{"href":"https:\/\/radiozapatista.org\/index.php?rest_route=\/wp\/v2\/posts"}],"about":[{"href":"https:\/\/radiozapatista.org\/index.php?rest_route=\/wp\/v2\/types\/post"}],"author":[{"embeddable":true,"href":"https:\/\/radiozapatista.org\/index.php?rest_route=\/wp\/v2\/users\/13"}],"replies":[{"embeddable":true,"href":"https:\/\/radiozapatista.org\/index.php?rest_route=%2Fwp%2Fv2%2Fcomments&post=10383"}],"version-history":[{"count":0,"href":"https:\/\/radiozapatista.org\/index.php?rest_route=\/wp\/v2\/posts\/10383\/revisions"}],"wp:attachment":[{"href":"https:\/\/radiozapatista.org\/index.php?rest_route=%2Fwp%2Fv2%2Fmedia&parent=10383"}],"wp:term":[{"taxonomy":"category","embeddable":true,"href":"https:\/\/radiozapatista.org\/index.php?rest_route=%2Fwp%2Fv2%2Fcategories&post=10383"},{"taxonomy":"post_tag","embeddable":true,"href":"https:\/\/radiozapatista.org\/index.php?rest_route=%2Fwp%2Fv2%2Ftags&post=10383"}],"curies":[{"name":"wp","href":"https:\/\/api.w.org\/{rel}","templated":true}]}}