{"id":10296,"date":"2014-08-04T21:50:06","date_gmt":"2014-08-05T02:50:06","guid":{"rendered":"https:\/\/radiozapatista.org\/?p=10296"},"modified":"2014-08-05T20:11:18","modified_gmt":"2014-08-06T01:11:18","slug":"inauguracion-de-la-primera-comparticion-de-pueblos-originarios-de-mexico-con-pueblos-zapatistas","status":"publish","type":"post","link":"https:\/\/radiozapatista.org\/?p=10296","title":{"rendered":"INAUGURACI\u00d3N DE LA PRIMERA COMPARTICI\u00d3N DE PUEBLOS ORIGINARIOS DE M\u00c9XICO CON PUEBLOS ZAPATISTAS"},"content":{"rendered":"<p><\/p>\n<p style=\"text-align: center;\">PALABRAS DEL COMANDANTE TACHO, A NOMBRE DEL  COMIT\u00c9 CLANDESTINO REVOLUCIONARIO IND\u00cdGENA-COMANDANCIA GENERAL DEL EZLN,  EN LA INAUGURACI\u00d3N DE LA PRIMERA COMPARTICI\u00d3N DE PUEBLOS ORIGINARIOS DE  M\u00c9XICO CON PUEBLOS ZAPATISTAS.<\/p>\n<p style=\"text-align: center;\">3 DE AGOSTO DEL 2014.<\/p>\n<p style=\"text-align: center;\"><a href=\"https:\/\/radiozapatista.org\/wp-content\/uploads\/2014\/08\/P8040027-1.jpg\"><img loading=\"lazy\" decoding=\"async\" class=\"aligncenter size-medium wp-image-10297\" title=\"Inauguracion de la comparticion con el CNI\" src=\"https:\/\/radiozapatista.org\/wp-content\/uploads\/2014\/08\/P8040027-1-300x225.jpg\" alt=\"\" width=\"300\" height=\"225\" srcset=\"https:\/\/radiozapatista.org\/wp-content\/uploads\/2014\/08\/P8040027-1-300x225.jpg 300w, https:\/\/radiozapatista.org\/wp-content\/uploads\/2014\/08\/P8040027-1-350x263.jpg 350w, https:\/\/radiozapatista.org\/wp-content\/uploads\/2014\/08\/P8040027-1-768x576.jpg 768w, https:\/\/radiozapatista.org\/wp-content\/uploads\/2014\/08\/P8040027-1-800x600.jpg 800w, https:\/\/radiozapatista.org\/wp-content\/uploads\/2014\/08\/P8040027-1.jpg 945w\" sizes=\"auto, (max-width: 300px) 100vw, 300px\" \/><\/a><\/p>\n<p>COMPA\u00d1ERAS Y COMPA\u00d1EROS DEL CONGRESO NACIONAL IND\u00cdGENA:<\/p>\n<p>COMPA\u00d1EROS Y COMPA\u00d1ERAS DE PUEBLOS ORIGINARIOS QUE NOS VISITAN:<\/p>\n<p>Los saludamos esperando que todas y todos llegaron con bien a estas tierras zapatistas.<\/p>\n<p>En este largo viaje que han hecho desde lejanas tierras, para  encontrarnos aqu\u00ed en este otro rinc\u00f3n de estas tierras rebeldes  Zapatistas del sureste mexicano.<\/p>\n<p><!--more--><\/p>\n<p>Compa\u00f1eras y compa\u00f1eros:<\/p>\n<p>Bienvenidas y bienvenidos, compa\u00f1eras y compa\u00f1eros de los pueblos originarios, los guardianes y guardianas de la madre Tierra.<\/p>\n<p>Bienvenidos, bienvenidas los pueblos, naciones y tribus.<\/p>\n<p>Bienvenidas y bienvenidos hermanas y hermanos:<\/p>\n<p>NAHUAS.<br \/>\nPUR\u00c9PECHAS<br \/>\nMAYA PENINSULARES<br \/>\nMAZAHUA<br \/>\nZOQUE<br \/>\nWIXARIKA<br \/>\nMIGRANTE<br \/>\nTEPEHUANO<br \/>\nCOCA<br \/>\nH\u00d1AH\u00d1U<br \/>\nMAYO<br \/>\nTRIQUI<br \/>\nNAZA BI<br \/>\nBINNI ZAA<br \/>\nCHINANTECO<br \/>\nIKOOT<br \/>\nAFROMEXICANO<br \/>\nPOPOLUCA<br \/>\nTZOTZIL<br \/>\nCHOL<br \/>\nTOJOLABAL<br \/>\nTZELTAL<br \/>\nTOTONACO<br \/>\nCHOL<br \/>\nKUMIAI<br \/>\nAMUZGO<br \/>\nHUARIJIO<br \/>\nMIXE<br \/>\n\u00d1HATO<br \/>\nCHONTAL<\/p>\n<p>\u00a1BIENVENIDOS PUEBLOS ORIGINARIOS!<\/p>\n<p>Bienvenidas y bienvenidos todas y todos los y las representantes bases de apoyo de los pueblos Zapatistas.<br \/>\nBienvenidos compa\u00f1eros subcomandantes insurgentes.<br \/>\nSubcomandante insurgente Mois\u00e9s.<br \/>\nSubcomandante insurgente Galeano.<br \/>\nDe la Comandancia general del Ej\u00e9rcito Zapatista de Liberaci\u00f3n Nacional.<\/p>\n<p>Esperamos que todas y todos llegaron bien para poder llevar a cabo  esta primera compartici\u00f3n tan importante entre el Congreso Nacional  Ind\u00edgena y los pueblos Zapatistas.<\/p>\n<p>Compartici\u00f3n que lleva por nombre del compa\u00f1ero \u201cDavid Ruiz Garc\u00eda\u201d.<\/p>\n<p>Tambi\u00e9n mandamos nuestros m\u00e1s sinceros saludos a todos y todas nuestros compa\u00f1er@s insurgentes e insurgentas.<\/p>\n<p>A las compa\u00f1eras y compa\u00f1eros, ancianos, j\u00f3venes y ni\u00f1os, bases de apoyo del Ej\u00e9rcito Zapatista de Liberaci\u00f3n Nacional.<\/p>\n<p>Como tambi\u00e9n a todos los compa\u00f1eros y compa\u00f1eras de las Fuerzas Mexicanas de Milicias de todo el EZLN.<\/p>\n<p>A los miembros de todos los MAREZ (Municipios Aut\u00f3nomos Rebelde  Zapatistas) y a todos y todas las y los compa\u00f1er@s que forman todos las  Juntas de Buen Gobierno.<\/p>\n<p>Compa\u00f1eros y compa\u00f1eras del Congreso Nacional Ind\u00edgena.<\/p>\n<p>Venimos para compartir nuestros sufrimientos y dolores que nos han hecho este sistema Neoliberal.<\/p>\n<p>Pero no s\u00f3lo.<\/p>\n<p>Tambi\u00e9n es seguro que venimos a compartir los valiosos conocimientos, experiencias de lucha, de organizaci\u00f3n, retos y desaf\u00edos.<\/p>\n<p>Frente a los capitalistas invasores Neoliberales que tanto da\u00f1o nos han causado.<\/p>\n<p>Estos invasores no se llenaron, no les bast\u00f3 con el robo y saqueo que hicieron los conquistadores en 1492.<\/p>\n<p>Esos conquistadores encontraron resistencia de los pueblos, tribus,  naciones originarios de estas tierras, de este pa\u00eds que es M\u00e9xico.<\/p>\n<p>Asesinaron a quienes se opusieron a ser sometidos bajo el poder de la monarqu\u00eda espa\u00f1ola.<\/p>\n<p>Estos malvados verdugos invasores mancharon sus manos de sangre  ind\u00edgena, robaron las riquezas que cuidaban nuestros m\u00e1s viejos abuelos.<\/p>\n<p>Pero no s\u00f3lo persiguieron a los pueblos indios de M\u00e9xico y de toda  Am\u00e9rica Latina con el prop\u00f3sito de desaparecer la existencia de los  pueblos originarios y desterrar su existencia.<\/p>\n<p>Eso no lo consiguieron, la muestra es que aqu\u00ed estamos presentes.<\/p>\n<p>As\u00ed se perdi\u00f3 la comunicaci\u00f3n de los pueblos de nuestros ancestros, se perdi\u00f3 la relaci\u00f3n de los pueblos.<\/p>\n<p>Pero la sabidur\u00eda y la inteligencia de nuestros m\u00e1s viejos abuelos, se ocultaron de la invasi\u00f3n espa\u00f1ola.<\/p>\n<p>As\u00ed hicieron que otra vez se existieran los pueblos originarios.<\/p>\n<p>Nos crecimos bajo el olvido de los poderosos, y as\u00ed pasaron los 500 a\u00f1os en todos los rincones de nuestra patria mexicana.<\/p>\n<p>Nosotros los pueblos originarios fuimos ignorados, enga\u00f1ados,  olvidados, explotados, por m\u00e1s de 500 a\u00f1os esclavizados en el dominio.<\/p>\n<p>Y ahora de nuevo est\u00e1 el invento de los poderosos neoliberales, es la  maquinaria de destrucci\u00f3n de desaparici\u00f3n de nuestros pueblos.<\/p>\n<p>Lo han hecho m\u00e1s grande y moderna amparados con leyes y malos gobernantes para invadirnos de nueva cuenta.<\/p>\n<p>Con su nuevo plan de despojo, despoj\u00e1ndonos en nuestra madre tierra,  con la maquinaria del poder del dinero y saquear todas las riquezas que  la madre tierra tiene, que hace millones de a\u00f1os ah\u00ed las tiene guardada.<\/p>\n<p>Con esta m\u00e1quina viene acompa\u00f1ada la muerte y destrucci\u00f3n de nuestros pueblos y de nuestra madre tierra.<\/p>\n<p>Y cuando decimos estas dos palabras tan conocidas por nuestros  pueblos, estas palabras de muerte y destrucci\u00f3n, llevamos nuestro  coraz\u00f3n y nuestra mirada hasta el pueblo PALESTINO.  Porque lo  escuchamos y lo leemos que dicen que \u201cel conflicto de Gaza\u201d, como si  fueran dos fuerzas iguales que se est\u00e1n enfrentando, como si al decir  \u201cconflicto\u201d se escondieran la muerte y la destrucci\u00f3n y as\u00ed ya no matara  la muerte y ya no destruyera la destrucci\u00f3n.<\/p>\n<p>Pero como ind\u00edgenas que somos lo sabemos bien que lo que est\u00e1  pasando no es un \u201cconflicto\u201d, sino que es UNA MASACRE, que lo que hay es  el gobierno de Israel haciendo una guerra de exterminio en contra del  pueblo PALESTINO.  Lo dem\u00e1s son palabras que quieren esconder la  realidad.<\/p>\n<p>Pero tambi\u00e9n sabemos, como ind\u00edgenas que somos, que el pueblo de  PALESTINA resistir\u00e1 y se levantar\u00e1 de nuevo y volver\u00e1 a andar y sabr\u00e1  entonces que, aunque lejos en los mapas, los pueblos zapatistas los  abrazamos hoy como lo hicimos antes, como lo haremos siempre, o sea que  los abrazamos con nuestro coraz\u00f3n colectivo.<\/p>\n<p>Y ac\u00e1 en nuestro mapa, esta m\u00e1quina de guerra del poder del dinero,  est\u00e1 sin cerebro, est\u00e1 desmemoriada, malvados, son animales salvajes,  contra nuestros pueblos ind\u00edgenas de M\u00e9xico.<\/p>\n<p>No les importa la destrucci\u00f3n, la muerte de nuestros pueblos enteros, de tribus y naciones.<\/p>\n<p>Nosotros los pueblos originarios de M\u00e9xico estamos desprotegidos de leyes y malos gobiernos.<\/p>\n<p>La esperanza que hay somos nosotros mismos.<\/p>\n<p>Nadie va venir a salvarnos, nadie absolutamente nadie va a luchar por nosotros.<\/p>\n<p>Ni partidos pol\u00edticos, ni pol\u00edticos, ni leyes, ni nada hay para nosotros.<\/p>\n<p>Compa\u00f1eras y compa\u00f1eros. Los partidos pol\u00edticos, leyes, y malos gobiernos ya lo demostraron claro.<\/p>\n<p>Ya no van a poder seguir enga\u00f1ando, pues ya lo demostraron estos 83  a\u00f1os. Todos \u00e9sos est\u00e1n al servicio de los capitalistas transnacionales.<\/p>\n<p>Por eso tenemos que luchar juntos para defendernos y a defender nuestra madre tierra.<\/p>\n<p>La tierra que nos vio nacer, que nos da vida y finalmente descansamos en ella eternamente.<\/p>\n<p>Por eso somos todos los colores que somos, todas las lenguas que  hablan nuestros corazones, por eso somos pueblos, somos tribus y somos  naci\u00f3n. Somos los y las guardianas y guardianes de estas tierras, de  este pa\u00eds M\u00e9xico, de este continente y del mundo.<\/p>\n<p>As\u00ed que compa\u00f1eras y compa\u00f1eros hoy ser\u00e1 nuestro comienzo de caminar y  la b\u00fasqueda de c\u00f3mo debemos de hacer nuestra defensa com\u00fanmente, no hay  m\u00e1s tiempo.<\/p>\n<p>Con sabidur\u00eda e inteligencia trabajemos estos d\u00edas.<\/p>\n<p>Que hoy estamos inaugurando este nuestro encuentro de compartici\u00f3n de  nombre al compa\u00f1ero David Ruiz Garc\u00eda, que su coraz\u00f3n siga caminando en  nuestro paso, siendo las 10 horas con 21 minutos, del d\u00eda de hoy 3 de  agosto del 2014.<\/p>\n<p>A nombre del Comit\u00e9 Clandestino Revolucionario Ind\u00edgena- Comandancia  General del Ej\u00e9rcito Zapatista de Liberaci\u00f3n Nacional, y a nombre todas  las mujeres, ni\u00f1os, hombres y ancianos del Ej\u00e9rcito Zapatista de  Liberaci\u00f3n Nacional\u2026<\/p>\n<p>Declaro formalmente inaugurada esta primera Compartici\u00f3n.<\/p>\n<p>Sean todos y todas bienvenidos.<\/p>\n<p>Bienvenida la palabra de quienes resisten y luchan.  Bienvenido el o\u00eddo que escucha y el coraz\u00f3n compa\u00f1ero.<\/p>\n<p>Muchas gracias.<\/p>\n<p>Desde la Realidad Zapatista.<\/p>\n<p>Comandante Tacho.<br \/>\nM\u00e9xico, Agosto del 2014.  En el a\u00f1o 20 del inicio de la guerra contra el olvido.<\/p>\n<table>\n<tbody>\n<tr>\n<td>\n<div id=\"ngg-gallery-9c0819b822c255f3851e98a1605f41e5-1\">\n<div id=\"ngg-image-0\">\n<div><a href=\"http:\/\/enlacezapatista.ezln.org.mx\/wp-content\/gallery\/inauguracion-encuentro-cni-2014\/P8040027-1.jpg\"> <img loading=\"lazy\" decoding=\"async\" title=\"P8040027-1\" src=\"http:\/\/enlacezapatista.ezln.org.mx\/wp-content\/gallery\/inauguracion-encuentro-cni-2014\/thumbs\/thumbs_P8040027-1.jpg\" alt=\"P8040027-1\" width=\"150\" height=\"200\" \/> <\/a><\/div>\n<\/div>\n<\/div>\n<\/td>\n<td>\n<div id=\"ngg-image-1\">\n<div><a href=\"http:\/\/enlacezapatista.ezln.org.mx\/wp-content\/gallery\/inauguracion-encuentro-cni-2014\/P8040020.JPG\"> <img loading=\"lazy\" decoding=\"async\" title=\"P8040020\" src=\"http:\/\/enlacezapatista.ezln.org.mx\/wp-content\/gallery\/inauguracion-encuentro-cni-2014\/thumbs\/thumbs_P8040020.JPG\" alt=\"P8040020\" width=\"150\" height=\"200\" \/> <\/a><\/div>\n<\/div>\n<\/td>\n<td>\n<div id=\"ngg-image-2\">\n<div><a href=\"http:\/\/enlacezapatista.ezln.org.mx\/wp-content\/gallery\/inauguracion-encuentro-cni-2014\/P8040026-1.jpg\"> <img loading=\"lazy\" decoding=\"async\" title=\"P8040026-1\" src=\"http:\/\/enlacezapatista.ezln.org.mx\/wp-content\/gallery\/inauguracion-encuentro-cni-2014\/thumbs\/thumbs_P8040026-1.jpg\" alt=\"P8040026-1\" width=\"150\" height=\"200\" \/> <\/a><\/div>\n<\/div>\n<\/td>\n<td><\/td>\n<\/tr>\n<tr>\n<td>\n<div id=\"ngg-image-3\">\n<div><a href=\"http:\/\/enlacezapatista.ezln.org.mx\/wp-content\/gallery\/inauguracion-encuentro-cni-2014\/P8040030-1.jpg\"> <img loading=\"lazy\" decoding=\"async\" title=\"P8040030-1\" src=\"http:\/\/enlacezapatista.ezln.org.mx\/wp-content\/gallery\/inauguracion-encuentro-cni-2014\/thumbs\/thumbs_P8040030-1.jpg\" alt=\"P8040030-1\" width=\"150\" height=\"200\" \/> <\/a><\/div>\n<\/div>\n<\/td>\n<td>\n<div id=\"ngg-image-4\">\n<div><a href=\"http:\/\/enlacezapatista.ezln.org.mx\/wp-content\/gallery\/inauguracion-encuentro-cni-2014\/P8040028-1.jpg\"> <img loading=\"lazy\" decoding=\"async\" title=\"P8040028-1\" src=\"http:\/\/enlacezapatista.ezln.org.mx\/wp-content\/gallery\/inauguracion-encuentro-cni-2014\/thumbs\/thumbs_P8040028-1.jpg\" alt=\"P8040028-1\" width=\"150\" height=\"200\" \/> <\/a><\/div>\n<\/div>\n<\/td>\n<td>\n<div id=\"ngg-image-5\">\n<div><a href=\"http:\/\/enlacezapatista.ezln.org.mx\/wp-content\/gallery\/inauguracion-encuentro-cni-2014\/P8040127-1.jpg\"> <img loading=\"lazy\" decoding=\"async\" title=\"P8040127-1\" src=\"http:\/\/enlacezapatista.ezln.org.mx\/wp-content\/gallery\/inauguracion-encuentro-cni-2014\/thumbs\/thumbs_P8040127-1.jpg\" alt=\"P8040127-1\" width=\"150\" height=\"200\" \/> <\/a><\/div>\n<\/div>\n<\/td>\n<\/tr>\n<\/table>\n<p><strong>Nota sobre las fotos:<\/strong><\/p>\n<p>Ojo: Sobre el cr\u00e9dito de las fotos, si salen mal o est\u00e1n borrosas y, en  general, no sirven, p\u00f3nganles que son de CNN, EFE, AFP, Reuters, AP o  Notimex o alguna de esas agencias que desinforman sobre el crimen en  marcha contra el Pueblo Palestino.  Si s\u00ed se ven bien, o m\u00e1s o menos, y,  en general, sirven para algo m\u00e1s que robar bites en sus p\u00e1ginas,  entonces ponerles \u201cFotos cortes\u00eda del colectivo de mass media del EZLN  \u201cLos Tercios Compas\u201d que, como su nombre lo indica, no son medios y  tampoco son libres, ni aut\u00f3nomos, ni alternativos, y son m\u00e1s bien como  se llamen, pero son compas.  Se permite la reproducci\u00f3n, circulaci\u00f3n y  consumo, siempre y cuando no sea con fines esot\u00e9ricos ni nada con muchas  x.  Permiso de la JBG en tr\u00e1mite.\u201d<\/p>\n<p><a href=\"http:\/\/enlacezapatista.ezln.org.mx\/2014\/08\/04\/inauguracion-de-la-primera-comparticion-de-pueblos-originarios-de-mexico-con-pueblos-zapatistas-palabras-del-comandante-tacho-a-nombre-del-comite-clandestino-revolucionario-indigena-comandancia-gene\/\" target=\"_blank\">http:\/\/enlacezapatista.ezln.org.mx\/2014\/08\/04\/inauguracion-de-la-primera-comparticion-de-pueblos-originarios-de-mexico-con-pueblos-zapatistas-palabras-del-comandante-tacho-a-nombre-del-comite-clandestino-revolucionario-indigena-comandancia-gene\/<\/a><\/p>","protected":false},"excerpt":{"rendered":"<p>PALABRAS DEL COMANDANTE TACHO, A NOMBRE DEL COMIT\u00c9 CLANDESTINO REVOLUCIONARIO IND\u00cdGENA-COMANDANCIA GENERAL DEL EZLN, EN LA INAUGURACI\u00d3N DE LA PRIMERA COMPARTICI\u00d3N DE PUEBLOS ORIGINARIOS DE M\u00c9XICO CON PUEBLOS ZAPATISTAS. 3 DE AGOSTO DEL 2014. COMPA\u00d1ERAS Y COMPA\u00d1EROS DEL CONGRESO NACIONAL IND\u00cdGENA: COMPA\u00d1EROS Y COMPA\u00d1ERAS DE PUEBLOS ORIGINARIOS QUE NOS VISITAN: Los saludamos esperando que todas [&hellip;]<\/p>\n","protected":false},"author":1,"featured_media":0,"comment_status":"open","ping_status":"closed","sticky":false,"template":"","format":"standard","meta":{"footnotes":""},"categories":[1,118],"tags":[63,844,926,151],"class_list":["post-10296","post","type-post","status-publish","format-standard","hentry","category-audio","category-ezln","tag-cni","tag-comparticion","tag-ezln","tag-la-realidad"],"_links":{"self":[{"href":"https:\/\/radiozapatista.org\/index.php?rest_route=\/wp\/v2\/posts\/10296","targetHints":{"allow":["GET"]}}],"collection":[{"href":"https:\/\/radiozapatista.org\/index.php?rest_route=\/wp\/v2\/posts"}],"about":[{"href":"https:\/\/radiozapatista.org\/index.php?rest_route=\/wp\/v2\/types\/post"}],"author":[{"embeddable":true,"href":"https:\/\/radiozapatista.org\/index.php?rest_route=\/wp\/v2\/users\/1"}],"replies":[{"embeddable":true,"href":"https:\/\/radiozapatista.org\/index.php?rest_route=%2Fwp%2Fv2%2Fcomments&post=10296"}],"version-history":[{"count":0,"href":"https:\/\/radiozapatista.org\/index.php?rest_route=\/wp\/v2\/posts\/10296\/revisions"}],"wp:attachment":[{"href":"https:\/\/radiozapatista.org\/index.php?rest_route=%2Fwp%2Fv2%2Fmedia&parent=10296"}],"wp:term":[{"taxonomy":"category","embeddable":true,"href":"https:\/\/radiozapatista.org\/index.php?rest_route=%2Fwp%2Fv2%2Fcategories&post=10296"},{"taxonomy":"post_tag","embeddable":true,"href":"https:\/\/radiozapatista.org\/index.php?rest_route=%2Fwp%2Fv2%2Ftags&post=10296"}],"curies":[{"name":"wp","href":"https:\/\/api.w.org\/{rel}","templated":true}]}}