{"id":10216,"date":"2014-07-16T19:11:54","date_gmt":"2014-07-17T00:11:54","guid":{"rendered":"https:\/\/radiozapatista.org\/?p=10216"},"modified":"2014-07-16T19:11:54","modified_gmt":"2014-07-17T00:11:54","slug":"ante-la-falta-de-justicia-del-estado-familiares-de-victimas-de-la-masacre-de-viejo-velasco-exigen-verdad","status":"publish","type":"post","link":"https:\/\/radiozapatista.org\/?p=10216","title":{"rendered":"Ante la falta de justicia del Estado familiares de v\u00edctimas de la masacre de Viejo Velasco exigen verdad"},"content":{"rendered":"<p>A 16 de julio de 2014.<\/p>\n<div>\nBuenos d\u00edas a todas y todos los presentes, muchas gracias por asistir a esta conferencia de prensa.<\/p>\n<p>Mi nombre es Diego Moreno V\u00e1zquez. Soy ind\u00edgena chol, miembro de la Organizaci\u00f3n Xinich al igual que todos mis compa\u00f1eros v\u00edctimas del presente caso. Soy promotor de salud. Vengo en representaci\u00f3n de los familiares de las v\u00edctimas y sobrevivientes de la masacre de Viejo Velasco.<\/p><\/div>\n<div>\nEsta masacre se llev\u00f3 a cabo el d\u00eda 13 de noviembre de 2006, cuando aproximadamente las 6:00 de la ma\u00f1ana, un grupo de aproximadamente 40 personas de la comunidad Nueva Palestina quienes iban muy bien armados, algunos con uniformes tipo militar y de seguridad p\u00fablica, entraron violentamente a la comunidad Viejo Velasco. As\u00ed tambi\u00e9n, estas personas eran acompa\u00f1adas por 300 elementos de la Polic\u00eda Sectorial, estos polic\u00edas iban armados con armas de alto poder algunas conocidas como &#8220;cuerno de chivo&#8221; y R-15; a su ves todos iban acompa\u00f1ados de otras autoridades.<\/div>\n<div>\nTodos \u00e9stos de inmediato rodearon la comunidad ubic\u00e1ndose en diversos lugares, para posteriormente entrar a las casas y robar las pertenencias de nuestros familiares que viv\u00edan en la comunidad Viejo Velasco.<\/p>\n<p>El resultado de este hecho violento fue: de 4 compa\u00f1eros ind\u00edgenas muertos (Filem\u00f3n Ben\u00edtez P\u00e9rez, Antonio Mayor Ben\u00edtez P\u00e9rez, Mar\u00eda N\u00fa\u00f1ez Gonz\u00e1lez y Vicente P\u00e9rez D\u00edaz, este \u00faltimo del grupo agresor), 4 m\u00e1s resultaron desaparecidos (Mariano P\u00e9rez Guzm\u00e1n, Miguel Moreno Montejo quien era mi padre, Pedro N\u00fa\u00f1ez P\u00e9rez y Antonio Pe\u00f1ate L\u00f3pez). Adem\u00e1s se vieron obligadas a desplazarse de manera forzada hacia la monta\u00f1a todos los habitantes de la comunidad, sobrevivientes del ataque, quienes posteriormente se refugiaron en la comunidad vecina Nuevo Tila.<\/p><\/div>\n<div>\nAnte la falta de justicia del Estado, nosotros los familiares nos dimos a la tarea de buscar a nuestros familiares desparecidos y el 6 de julio del 2007 junt\u00f3 con la Comisi\u00f3n Civil de Observaci\u00f3n de Derechos Humanos para el caso Viejo Velasco, recorrimos la ruta que va de la comunidad Para\u00edso hacia Viejo Velasco donde encontramos 2 osamentas, las cuales resultaron ser de Miguel Moreno Montejo quien era mi padre y de Pedro N\u00fa\u00f1ez P\u00e9rez. \u00a0El gobierno nos dec\u00eda que nuestros familiares hab\u00edan agarrado sus mochilas y que se hab\u00edan ido al norte de nuestro pa\u00eds. Fue hasta noviembre de 2011 que nos entregaron los restos y le dimos cristiana sepultura.<\/div>\n<div>\nHasta el d\u00eda de hoy contin\u00faan desaparecidos nuestros compa\u00f1eros Mariano P\u00e9rez Guzm\u00e1n y Antonio Pe\u00f1ate L\u00f3pez, los desplazados est\u00e1n prestando tierras o trabajando en distintos lugares para poder alimentar a sus familias. As\u00ed tambi\u00e9n 4 compa\u00f1eros de la comunidad Nuevo Tila contin\u00faan con \u00f3rdenes de aprehensi\u00f3n acusados de la muerte de nuestros familiares, siendo que no tienen nada que ver, al contrario ellos y la comunidad Nuevo Tila recibieron a la mayor\u00eda de los desplazados ese d\u00eda. Estos 4 compa\u00f1eros corren el mismo riesgo que nuestro compa\u00f1ero Diego Arcos Meneses, quien fue acusado falsamente por los hechos, permaneciendo casi un a\u00f1o en la c\u00e1rcel acusado de la muerte de nuestros familiares, siendo que es un promotor de salud, como yo, que lo \u00fanico que \u00e9l hizo fue brindar apoyo a nuestros familiares.<\/div>\n<div>\nLa masacre en la comunidad Viejo Velasco, que se presentar\u00e1 en la preaudiencia del Tribunal Permanente de los Pueblos, se llev\u00f3 a cabo en el contexto de la lucha de los derechos agrarios dentro de la llamada comunidad Lacandona y dentro del gobierno del presidente Vicente Fox Quezada. A pesar de las denuncias de hostigamientos y amenazas de desalojo que sufr\u00edan las comunidades, el gobierno no hizo nada para evitar estos graves hechos. Adem\u00e1s el modo de actuar de los agresores se enmarca dentro de la estrategia contrainsurgente implementada por el gobierno mexicano desde el 1 de enero de 1994, con la puesta en marcha de su Plan de Campa\u00f1a Chiapas 94\u2019, cuando el Ejercito Zapatista de Liberaci\u00f3n Nacional (EZLN) se levant\u00f3 en armas.<\/div>\n<div>\nA casi 8 a\u00f1os de la masacre en la comunidad Viejo Velasco, nosotros los familiares continuamos exigiendo justicia, castigo a las autores intelectuales y materiales de estos graves hechos y nuestro derecho a saber la verdad de lo sucedido, as\u00ed como el paradero de nuestros familiares desaparecidos. Lo \u00fanico que ha hecho el gobierno mexicano es seguir alimentando la impunidad.<\/div>\n<div>\nEs por eso que hoy, les hacemos una cordial invitaci\u00f3n para que nos acompa\u00f1en el d\u00eda 18 de julio del 2014, a partir de las 6 de la ma\u00f1ana en la comunidad Limonar municipio de Ocosingo, Chiapas; para la celebraci\u00f3n de la preaudiencia del caso ante los Jueces del Tribunal Permanente de los Pueblos, en donde testific\u00e1remos los sobrevivientes, testigos y familiares de las graves violaciones a derechos humanos cometidas. As\u00ed tambi\u00e9n contaremos con la presencia de familiares de los casos de Acteal y Zona Norte de Chiapas.<\/div>\n<div>\nNuestras voces ser\u00e1n de exigencia de justicia y derecho a la verdad. Nuestra participaci\u00f3n en la preaudiencia fortalecer\u00e1 nuestros corazones para continuar con nuestra lucha de memoria y esperanza.<\/p>\n<p>Muchas gracias a todas y todos.<\/p>\n<p>Palabras de <strong>Diego Moreno Montejo<\/strong>, Comit\u00e9 de Defensa de La  Libertad Ind\u00edgena- X&#8217;inich, durante la conferencia de prensa: Anuncio de  la Preaudiencia &#8220;Con Justicia y Paz encontramos la Verdad&#8221;. 16 de julio  2014, 10 hrs., San Crist\u00f3bal de Las Casas, Chiapas<\/p>\n<\/div>\n<div style=\"text-align: center;\">Fotos: Osamentas halladas en Viejo Velasco en julio de 2007,  posteriormente identificadas por el Equipo\u00a0 Argentino de Antropolog\u00eda  Forense, en 2011, como restos que correspond\u00edan a Miguel Moreno Montejo y  Pedro N\u00fa\u00f1ez P\u00e9rez. (Archivo Frayba)<\/div>\n<div><\/div>\n<div style=\"text-align: center;\"><a href=\"http:\/\/1.bp.blogspot.com\/-4p8Qwe3sgwU\/U8a0hhtf5cI\/AAAAAAAAF-Q\/XOZR81UYB0k\/s1600\/DSC02630.JPG\"><img loading=\"lazy\" decoding=\"async\" src=\"http:\/\/1.bp.blogspot.com\/-4p8Qwe3sgwU\/U8a0hhtf5cI\/AAAAAAAAF-Q\/XOZR81UYB0k\/s1600\/DSC02630.JPG\" border=\"0\" alt=\"\" width=\"320\" height=\"240\" \/><\/a><\/div>\n<div style=\"text-align: center;\"><a href=\"http:\/\/3.bp.blogspot.com\/-0QAFDDD6UJc\/U8a0krfoboI\/AAAAAAAAF-Y\/LmNEaBAvxOA\/s1600\/DSC02637.JPG\"><img loading=\"lazy\" decoding=\"async\" src=\"http:\/\/3.bp.blogspot.com\/-0QAFDDD6UJc\/U8a0krfoboI\/AAAAAAAAF-Y\/LmNEaBAvxOA\/s1600\/DSC02637.JPG\" border=\"0\" alt=\"\" width=\"320\" height=\"240\" \/><\/a><\/div>\n<p><\/p>","protected":false},"excerpt":{"rendered":"<p>A 16 de julio de 2014. Buenos d\u00edas a todas y todos los presentes, muchas gracias por asistir a esta conferencia de prensa. Mi nombre es Diego Moreno V\u00e1zquez. Soy ind\u00edgena chol, miembro de la Organizaci\u00f3n Xinich al igual que todos mis compa\u00f1eros v\u00edctimas del presente caso. Soy promotor de salud. Vengo en representaci\u00f3n de [&hellip;]<\/p>\n","protected":false},"author":1,"featured_media":0,"comment_status":"open","ping_status":"closed","sticky":false,"template":"","format":"standard","meta":{"footnotes":""},"categories":[183],"tags":[469,198,53,23,840],"class_list":["post-10216","post","type-post","status-publish","format-standard","hentry","category-blog","tag-guerra-sucia","tag-impunidad","tag-justicia","tag-paramilitares","tag-viejo-velasco"],"_links":{"self":[{"href":"https:\/\/radiozapatista.org\/index.php?rest_route=\/wp\/v2\/posts\/10216","targetHints":{"allow":["GET"]}}],"collection":[{"href":"https:\/\/radiozapatista.org\/index.php?rest_route=\/wp\/v2\/posts"}],"about":[{"href":"https:\/\/radiozapatista.org\/index.php?rest_route=\/wp\/v2\/types\/post"}],"author":[{"embeddable":true,"href":"https:\/\/radiozapatista.org\/index.php?rest_route=\/wp\/v2\/users\/1"}],"replies":[{"embeddable":true,"href":"https:\/\/radiozapatista.org\/index.php?rest_route=%2Fwp%2Fv2%2Fcomments&post=10216"}],"version-history":[{"count":0,"href":"https:\/\/radiozapatista.org\/index.php?rest_route=\/wp\/v2\/posts\/10216\/revisions"}],"wp:attachment":[{"href":"https:\/\/radiozapatista.org\/index.php?rest_route=%2Fwp%2Fv2%2Fmedia&parent=10216"}],"wp:term":[{"taxonomy":"category","embeddable":true,"href":"https:\/\/radiozapatista.org\/index.php?rest_route=%2Fwp%2Fv2%2Fcategories&post=10216"},{"taxonomy":"post_tag","embeddable":true,"href":"https:\/\/radiozapatista.org\/index.php?rest_route=%2Fwp%2Fv2%2Ftags&post=10216"}],"curies":[{"name":"wp","href":"https:\/\/api.w.org\/{rel}","templated":true}]}}