{"id":10171,"date":"2014-07-04T18:36:28","date_gmt":"2014-07-04T23:36:28","guid":{"rendered":"https:\/\/radiozapatista.org\/?p=10171"},"modified":"2014-07-04T18:36:28","modified_gmt":"2014-07-04T23:36:28","slug":"a-dos-anos-y-siete-meses-de-su-desplazamiento-forzado-familias-de-banavil-exigen-justicia","status":"publish","type":"post","link":"https:\/\/radiozapatista.org\/?p=10171","title":{"rendered":"A dos a\u00f1os y siete meses de su desplazamiento forzado  familias de Banavil exigen justicia"},"content":{"rendered":"<p>San Cristobal de las Casas, Chiapas<\/p>\n<p>A los medios de Comunicaci\u00f3n Independientes<br \/>\nA los Centros de Derechos Humanos Honestos e Independientes<br \/>\nAl Congreso Nacional Ind\u00edgena<br \/>\nA la Sociedad Civil Nacional e Internacional<br \/>\nA la red Contra la Represi\u00f3n<br \/>\nA la Opini\u00f3n P\u00fablica<br \/>\nA la Sexta Declaraci\u00f3n de la Selva Lacandona<\/p>\n<p>A DOS A\u00d1OS Y SIETE MESES EXIGIMOS<\/p>\n<p>Justicia por la agresi\u00f3n armada el pasado 4 de diciembre de 2011, fuimos agredidos y desplazados 13 personas por los priistas del paraje Banavil, Munisipio de Tenejapa, todo por ser creer en la autonom\u00eda zapatista. All\u00ed a nuestro padre Alonso L\u00f3pez Luna lo desaparecieron forzadamente la gente de la comunidad. Durante 2 a\u00f1os y siete meses no nos han tomado en cuenta; el gobierno federal y estatal y la Fiscal\u00eda Especializada en Justicia Ind\u00edgena,  Cristobal Hernandez Lopez.<\/p>\n<p>Nos preguntamos \u00bfD\u00f3nde esta el estado de derecho? Que supuestamente esta para impartir justicia, los tres niveles de gobierno, para la justicia es dejar libre a asesinos y encarcelar a los inocentes como Lorenzo L\u00f3pez Gir\u00f3n y Francisco Zantiz Lopez que fueron encarcelado injustamente en 2011.<\/p>\n<p>Nosotros los desplazados de Banavil, seguimos viviendo en condiciones inhumanas los 2 a\u00f1os y siete meses, compartimos con ustedes nuestra memoria de multiples agresiones en nuestra contra, estar desplazados es vivir no como seres humanos porque los seres humanos tenemos derecho a la vida, la integridad f\u00edsica y mental y la seguridad de la persona.<\/p>\n<p>Exigimos que nos digan los agresores que le hicieron a nuestro padre, porque los agresores sabe lo que pas\u00f3, y lo que le hicieron y saben donde lo tienen escondido sus restos de su cuerpo. Han pasado a\u00f1os y meses y la justicia no llega. Porque estos agresores y asesinos est\u00e1n libres y no hay castigo contra ellos.<\/p>\n<p>Exigimos la ejecuci\u00f3n de 10 ordenes de aprehension pendientes, pero el gobierno se niega a deternlos.<\/p>\n<p>Exigimos Retorno de nuestra Familia que est\u00e1n desplazados, hombres, mujeres y ni\u00f1as y aparicion del cuerpo de Alonso L\u00f3pez Luna.<\/p>\n<p>Exigimos Reparaci\u00f3n de da\u00f1o por el saqueo de nuestras casas en el paraje Banavil Munisipio de Tenejapa y Canselasion de dos ordenes de aprehensi\u00f3n en contra de Antonio y pedro lopez giron que son de nuestra familia.<\/p>\n<p>Al se\u00f1or presidente de la republica Enrique Pe\u00f1a Nieto y al Gobernador Manuel Velasco Coello.<\/p>\n<p>Exigimos la verdad sobre la desaparici\u00f3n forzada a nuestro padre Alonso L\u00f3pez Luna.<\/p>\n<p>Exigimos Justicia por los hechos Ocurridos del 4 de diciembre de 2011.<\/p>\n<p>ATENTAMENTE<\/p>\n<p>Los Desplazados de Banavil, Municipio de Tenejapa, Chiapas<br \/>\nSimpatizantes del EZLN<\/p>\n<p>Lorenzo L\u00f3pez Gir\u00f3n<br \/>\nMiguel L\u00f3pez Gir\u00f3n<br \/>\nPetrona L\u00f3pez Gir\u00f3n<br \/>\nAnita L\u00f3pez Gir\u00f3n<\/p>","protected":false},"excerpt":{"rendered":"<p>San Cristobal de las Casas, Chiapas A los medios de Comunicaci\u00f3n Independientes A los Centros de Derechos Humanos Honestos e Independientes Al Congreso Nacional Ind\u00edgena A la Sociedad Civil Nacional e Internacional A la red Contra la Represi\u00f3n A la Opini\u00f3n P\u00fablica A la Sexta Declaraci\u00f3n de la Selva Lacandona A DOS A\u00d1OS Y SIETE [&hellip;]<\/p>\n","protected":false},"author":1,"featured_media":0,"comment_status":"open","ping_status":"closed","sticky":false,"template":"","format":"standard","meta":{"footnotes":""},"categories":[183],"tags":[491,572,782],"class_list":["post-10171","post","type-post","status-publish","format-standard","hentry","category-blog","tag-banavil","tag-desplazados","tag-desplazamiento-forzado"],"_links":{"self":[{"href":"https:\/\/radiozapatista.org\/index.php?rest_route=\/wp\/v2\/posts\/10171","targetHints":{"allow":["GET"]}}],"collection":[{"href":"https:\/\/radiozapatista.org\/index.php?rest_route=\/wp\/v2\/posts"}],"about":[{"href":"https:\/\/radiozapatista.org\/index.php?rest_route=\/wp\/v2\/types\/post"}],"author":[{"embeddable":true,"href":"https:\/\/radiozapatista.org\/index.php?rest_route=\/wp\/v2\/users\/1"}],"replies":[{"embeddable":true,"href":"https:\/\/radiozapatista.org\/index.php?rest_route=%2Fwp%2Fv2%2Fcomments&post=10171"}],"version-history":[{"count":0,"href":"https:\/\/radiozapatista.org\/index.php?rest_route=\/wp\/v2\/posts\/10171\/revisions"}],"wp:attachment":[{"href":"https:\/\/radiozapatista.org\/index.php?rest_route=%2Fwp%2Fv2%2Fmedia&parent=10171"}],"wp:term":[{"taxonomy":"category","embeddable":true,"href":"https:\/\/radiozapatista.org\/index.php?rest_route=%2Fwp%2Fv2%2Fcategories&post=10171"},{"taxonomy":"post_tag","embeddable":true,"href":"https:\/\/radiozapatista.org\/index.php?rest_route=%2Fwp%2Fv2%2Ftags&post=10171"}],"curies":[{"name":"wp","href":"https:\/\/api.w.org\/{rel}","templated":true}]}}