{"id":10001,"date":"2014-06-17T14:42:49","date_gmt":"2014-06-17T19:42:49","guid":{"rendered":"https:\/\/radiozapatista.org\/?p=10001"},"modified":"2014-06-18T10:02:12","modified_gmt":"2014-06-18T15:02:12","slug":"invitacion-jornada-por-la-autonomia-david-ruiz-garcia","status":"publish","type":"post","link":"https:\/\/radiozapatista.org\/?p=10001","title":{"rendered":"Invitaci\u00f3n: Jornada por la Autonom\u00eda &#8220;David Ruiz Garc\u00eda&#8221;"},"content":{"rendered":"<p><\/p>\n<p style=\"text-align: center;\"><strong>S\u00e1bado, 21 de junio<br \/>\nEspacio Wapani, Flavio Paniagua #10<\/strong><\/p>\n<p>Spot en espa\u00f1ol con m\u00fasica: [podcast]https:\/\/radiozapatista.org\/Audios\/spot21junio_musica.mp3[\/podcast]<\/p>\n<p>Spot en espa\u00f1ol sin m\u00fasica: [podcast]https:\/\/radiozapatista.org\/Audios\/spot21junio.mp3[\/podcast]<\/p>\n<p style=\"text-align: center;\"><a href=\"https:\/\/radiozapatista.org\/wp-content\/uploads\/2014\/06\/volante-jornada-autonomia-21.jpg\"><img loading=\"lazy\" decoding=\"async\" class=\"size-medium wp-image-10002  aligncenter\" title=\"volante-jornada-autonomia-21\" src=\"https:\/\/radiozapatista.org\/wp-content\/uploads\/2014\/06\/volante-jornada-autonomia-21-300x300.jpg\" alt=\"\" width=\"300\" height=\"300\" srcset=\"https:\/\/radiozapatista.org\/wp-content\/uploads\/2014\/06\/volante-jornada-autonomia-21-300x300.jpg 300w, https:\/\/radiozapatista.org\/wp-content\/uploads\/2014\/06\/volante-jornada-autonomia-21-150x150.jpg 150w, https:\/\/radiozapatista.org\/wp-content\/uploads\/2014\/06\/volante-jornada-autonomia-21-768x768.jpg 768w, https:\/\/radiozapatista.org\/wp-content\/uploads\/2014\/06\/volante-jornada-autonomia-21.jpg 1000w\" sizes=\"auto, (max-width: 300px) 100vw, 300px\" \/><\/a><\/p>\n<p><!--more--><\/p>\n<p>Los y las sancristobalenses invitamos a defender la paz, siguiendo el ejemplo de la construcci\u00f3n de autonom\u00eda de los pueblos organizados.<\/p>\n<p>Despu\u00e9s del ataque a las comunidades zapatistas este 2 de mayo pasado, en el que muri\u00f3 el maestro Galeano, el EZLN nuevamente responde construyendo educaci\u00f3n, salud y justicia.<\/p>\n<p>Te invitamos a conocer de fondo esta nueva etapa del zapatismo. Qu\u00e9 dijo la comandancia en el caracol de la Realidad? Qu\u00e9 significa que el subcomandante Marcos deje de existir?<\/p>\n<p>Te esperamos este s\u00e1bado 21 de junio a partir de las 10 de la ma\u00f1ana y durante todo el d\u00eda en Wapani en la calle Flavio Paniagua n\u00famero 10<\/p>\n<p>Habr\u00e1 talleres, video, comida, rifa, bazar, m\u00fasica, teatro y mucho m\u00e1s.<br \/>\nNo te lo pierdas. S\u00famate a defender la paz.<\/p>","protected":false},"excerpt":{"rendered":"<p>S\u00e1bado, 21 de junio Espacio Wapani, Flavio Paniagua #10 Spot en espa\u00f1ol con m\u00fasica: [podcast]https:\/\/radiozapatista.org\/Audios\/spot21junio_musica.mp3[\/podcast] Spot en espa\u00f1ol sin m\u00fasica: [podcast]https:\/\/radiozapatista.org\/Audios\/spot21junio.mp3[\/podcast]<\/p>\n","protected":false},"author":1,"featured_media":0,"comment_status":"open","ping_status":"closed","sticky":false,"template":"","format":"standard","meta":{"footnotes":""},"categories":[1,6,190],"tags":[822,79,831],"class_list":["post-10001","post","type-post","status-publish","format-standard","hentry","category-audio","category-chiapas","category-radiozapatista","tag-galeanovive","tag-autonomia","tag-david-ruiz-garcia"],"_links":{"self":[{"href":"https:\/\/radiozapatista.org\/index.php?rest_route=\/wp\/v2\/posts\/10001","targetHints":{"allow":["GET"]}}],"collection":[{"href":"https:\/\/radiozapatista.org\/index.php?rest_route=\/wp\/v2\/posts"}],"about":[{"href":"https:\/\/radiozapatista.org\/index.php?rest_route=\/wp\/v2\/types\/post"}],"author":[{"embeddable":true,"href":"https:\/\/radiozapatista.org\/index.php?rest_route=\/wp\/v2\/users\/1"}],"replies":[{"embeddable":true,"href":"https:\/\/radiozapatista.org\/index.php?rest_route=%2Fwp%2Fv2%2Fcomments&post=10001"}],"version-history":[{"count":0,"href":"https:\/\/radiozapatista.org\/index.php?rest_route=\/wp\/v2\/posts\/10001\/revisions"}],"wp:attachment":[{"href":"https:\/\/radiozapatista.org\/index.php?rest_route=%2Fwp%2Fv2%2Fmedia&parent=10001"}],"wp:term":[{"taxonomy":"category","embeddable":true,"href":"https:\/\/radiozapatista.org\/index.php?rest_route=%2Fwp%2Fv2%2Fcategories&post=10001"},{"taxonomy":"post_tag","embeddable":true,"href":"https:\/\/radiozapatista.org\/index.php?rest_route=%2Fwp%2Fv2%2Ftags&post=10001"}],"curies":[{"name":"wp","href":"https:\/\/api.w.org\/{rel}","templated":true}]}}